{"id":92678,"date":"2022-08-17T14:18:43","date_gmt":"2022-08-17T17:18:43","guid":{"rendered":"https:\/\/primicias2262.com\/?p=92678"},"modified":"2022-08-17T14:18:43","modified_gmt":"2022-08-17T17:18:43","slug":"emotivo-acto-en-la-escuela-no-6-para-honrar-la-memoria-del-general-san-martin","status":"publish","type":"post","link":"https:\/\/primicias2262.com\/noticias\/emotivo-acto-en-la-escuela-no-6-para-honrar-la-memoria-del-general-san-martin\/","title":{"rendered":"Emotivo acto en la Escuela N\u00ba 6 para honrar la memoria del General San Mart\u00edn"},"content":{"rendered":"<p><strong>\u201cImitar el ejemplo de San Mart\u00edn para los mortales nos parece imposible, pero hay que hacerlo en las cosas b\u00e1sicas y en lo cotidiano\u201d, resalt\u00f3 el intendente Arturo Rojas ante la comunidad educativa y todos los presentes en el acto por el 172\u00ba aniversario del fallecimiento del Padre de la Patria.<\/strong><\/p>\n<p>A 172 a\u00f1os del Paso a la Inmortalidad del padre de la Patria, General Jos\u00e9 de San Mart\u00edn, se realiz\u00f3 un emotivo acto en la Escuela Primaria N\u00ba 6 que lleva el nombre del Libertador de Am\u00e9rica, cuya ceremonia fue encabezada por el intendente Arturo Rojas y autoridades educativas.<\/p>\n<p>Adem\u00e1s del acto de honrar la memoria de San Mart\u00edn, la jornada -que cont\u00f3 con la presencia de varios establecimientos educativos con sus banderas de ceremonia, autoridades municipales y educativas, instituciones intermedias y vecinos-, fue propicia para anunciar la materializaci\u00f3n por parte de la Provincia de Buenos Aires de la jornada completa para la escuela anfitriona y la Primaria N\u00ba 48.<\/p>\n<p>En ese marco, tras entonar las estrofas del Himno Nacional Argentino por parte de la Banda Municipal y escuchar palaras alusivas de docentes y alumnos de la EP N\u00ba 6, el intendente Arturo Rojas afirm\u00f3 que \u201ces una enorme alegr\u00eda estar en este d\u00eda tan importante para la Patria en esta querida escuela que lleva el nombre de Jos\u00e9 de San Mart\u00edn\u00bb.<\/p>\n<p>\u00abEstoy muy contento por el anuncio de la jornada completa que hace que nuestros j\u00f3venes se puedan formar en los valores y principios de este gran pr\u00f3cer, que fue ejemplo de coraje, valent\u00eda y lucha con sus ideales firmes, que sirvieron para lograr la libertad de varios pa\u00edses y la uni\u00f3n de los pueblos\u201d, afirm\u00f3.<\/p>\n<p>Acto seguido, el intendente reflexion\u00f3 que \u201ccontinuar esa huella e imitar el ejemplo de San Mart\u00edn para los mortales nos parece imposible, pero hay que hacerlo en las cosas b\u00e1sicas y en lo cotidiano, no solo pens\u00e1ndolo sino principalmente en las acciones que est\u00e1n a nuestro alcance para lograr una comunidad m\u00e1s unida y siempre defender con todo lo que tengamos nuestra libertad\u201d.<\/p>\n<p>A prop\u00f3sito de la libertad, \u201cno solo significa la soberan\u00eda en t\u00e9rminos pol\u00edticos o de independencia econ\u00f3mica, sino que hay que defender la libertad y el derecho de nuestros ni\u00f1os y ni\u00f1as a elegir y desarrollarse, por eso celebro con todo el coraz\u00f3n esta posibilidad de jornada completa en estas dos instituciones educativas, pero tenemos que ir por mucho m\u00e1s\u201d, ya que \u201cprecisamos que todos los establecimientos educativos tengan jornada completa para acortar la brecha entre los que m\u00e1s tienen y los que menos posibilidades tienen\u201d, afirm\u00f3.<\/p>\n","protected":false},"excerpt":{"rendered":"<p>\u201cImitar el ejemplo de San Mart\u00edn para los mortales nos parece imposible, pero hay que hacerlo en las cosas b\u00e1sicas y en lo cotidiano\u201d, resalt\u00f3 el intendente Arturo Rojas ante la comunidad educativa y todos los presentes en el acto por el 172\u00ba aniversario del fallecimiento del Padre de la Patria. A 172 a\u00f1os del [&hellip;]<\/p>\n","protected":false},"author":3,"featured_media":92679,"comment_status":"closed","ping_status":"closed","sticky":false,"template":"","format":"standard","meta":{"footnotes":""},"categories":[3],"tags":[],"class_list":["post-92678","post","type-post","status-publish","format-standard","has-post-thumbnail","category-masnoticias"],"_links":{"self":[{"href":"https:\/\/primicias2262.com\/noticias\/wp-json\/wp\/v2\/posts\/92678","targetHints":{"allow":["GET"]}}],"collection":[{"href":"https:\/\/primicias2262.com\/noticias\/wp-json\/wp\/v2\/posts"}],"about":[{"href":"https:\/\/primicias2262.com\/noticias\/wp-json\/wp\/v2\/types\/post"}],"author":[{"embeddable":true,"href":"https:\/\/primicias2262.com\/noticias\/wp-json\/wp\/v2\/users\/3"}],"replies":[{"embeddable":true,"href":"https:\/\/primicias2262.com\/noticias\/wp-json\/wp\/v2\/comments?post=92678"}],"version-history":[{"count":0,"href":"https:\/\/primicias2262.com\/noticias\/wp-json\/wp\/v2\/posts\/92678\/revisions"}],"wp:attachment":[{"href":"https:\/\/primicias2262.com\/noticias\/wp-json\/wp\/v2\/media?parent=92678"}],"wp:term":[{"taxonomy":"category","embeddable":true,"href":"https:\/\/primicias2262.com\/noticias\/wp-json\/wp\/v2\/categories?post=92678"},{"taxonomy":"post_tag","embeddable":true,"href":"https:\/\/primicias2262.com\/noticias\/wp-json\/wp\/v2\/tags?post=92678"}],"curies":[{"name":"wp","href":"https:\/\/api.w.org\/{rel}","templated":true}]}}