{"id":92685,"date":"2022-08-17T16:35:56","date_gmt":"2022-08-17T19:35:56","guid":{"rendered":"https:\/\/primicias2262.com\/?p=92685"},"modified":"2022-08-17T16:35:56","modified_gmt":"2022-08-17T19:35:56","slug":"no-entiendo-que-hoy-haya-15-tipos-y-mujeres-candidateandose-a-intendente","status":"publish","type":"post","link":"https:\/\/primicias2262.com\/noticias\/no-entiendo-que-hoy-haya-15-tipos-y-mujeres-candidateandose-a-intendente\/","title":{"rendered":"\u201cNo entiendo que hoy haya 15 tipos y mujeres candidate\u00e1ndose a intendente\u00bb"},"content":{"rendered":"<p>Con tono ofendido, el secretario general de CGT y La Bancaria en Necochea, Demian Ledesma, apunt\u00f3 fuerte contra aquellos que dejan ver su inter\u00e9s por ser precandidatos a intendente el a\u00f1o que viene y no se fijan en las prioridades de la ciudad.<\/p>\n<p>Durante entrevista brindada d\u00edas atr\u00e1s en el programa \u201cVoces de la Ciudad\u201d, Ledesma reflexion\u00f3: \u201cRevisemos la prioridad que a veces se tiene sobre los propios apetitos personales, como por ejemplo, no entiendo que haya 15 tipos y mujeres candidate\u00e1ndose a intendente de la ciudad hoy, y me ofende, porque tendr\u00edan que estar haciendo otra cosa\u201d.<\/p>\n<p>Argument\u00f3 en este caso que \u201choy tendr\u00edan que estar ocup\u00e1ndose de distribuir los bolsones de comida en los sectores m\u00e1s vulnerados; ver de qu\u00e9 manera solucionar la situaci\u00f3n edilicia de las escuelas; ocuparse de la salud p\u00fablica de Necochea y el cobro indebido que hacen los m\u00e9dicos particulares; y tendr\u00edan que estar todos en caravana yendo a La Plata a pedir que necesitamos la repotenciaci\u00f3n energ\u00e9tica de Quequ\u00e9n porque no podemos instalar una f\u00e1brica\u201d.<\/p>\n<p>\u201cSin embargo est\u00e1n sac\u00e1ndose selfie, postul\u00e1ndose a candidaturas que despu\u00e9s nunca llegan\u201d, enfatiz\u00f3, y apunt\u00f3 a una mirada m\u00e1s macro de la realidad que \u201ctambi\u00e9n es cierto que el sistema ha generado una desconexi\u00f3n entre la gente y su dirigencia que no ha hecho mucho esfuerzo por conectarse con los vecinos\u00bb.<\/p>\n<p>\u00abHhay un mensaje repetitivo y constante de alejar a quienes ejercen la representaci\u00f3n de quienes son representados, y sin participaci\u00f3n y sin compromiso popular es imposible llevar adelante cualquier proceso de transformaci\u00f3n\u201d, a\u00f1adi\u00f3.<\/p>\n<p>\u201cEsta falta de participaci\u00f3n -sigui\u00f3 esgrimiendo- es funcional a quien dirige mal y gobierna mal, y es perjudicial para el que pretende transformar en favor de las mayor\u00edas porque no tiene el acompa\u00f1amiento popular, y esto tiene un beneficiario, que es el modelo que pretende que todo siga igual porque se est\u00e1 enriqueciendo a trav\u00e9s de esta situaci\u00f3n\u201d.<\/p>\n<p>Por consiguiente, defendi\u00f3 a rajatabla que \u201csi no hay una alianza entre la dirigencia y los sectores que la proponen para representarlo, no habr\u00e1 nunca un proceso de transformaci\u00f3n. Si se desconecta el pueblo con la dirigencia desde el momento que le pone el voto hasta la pr\u00f3xima vez que le pone el voto, no hay proceso de transformaci\u00f3n posible, y la responsabilidad la tiene la dirigencia\u201d.<\/p>\n<p>Para redondear su idea, Ledesma alert\u00f3 finalmente que \u201csi no logramos tomar con inteligencia las iniciativas que den en el clavo para solucionar esta crisis estructural, aunque lleve tiempo, la soluci\u00f3n de la crisis va a ser por rebeld\u00eda, y esa tiene un costo social m\u00e1s alto\u00bb. \u00bb<\/p>\n<p>El l\u00edmite del ajuste es la paciencia de los ajustados, lo que no entiende el capital concentrado h\u00edper globalizado que hoy gobierna el mundo es que expulsando consumidores, dejando afuera trabajadores y tirando por la ventana a la gente lo que van a generar es un caldo de cultivo que se terminar\u00e1 revelando contra sus intereses y esto sale por violencia\u201d, finaliz\u00f3.<\/p>\n","protected":false},"excerpt":{"rendered":"<p>Con tono ofendido, el secretario general de CGT y La Bancaria en Necochea, Demian Ledesma, apunt\u00f3 fuerte contra aquellos que dejan ver su inter\u00e9s por ser precandidatos a intendente el a\u00f1o que viene y no se fijan en las prioridades de la ciudad. Durante entrevista brindada d\u00edas atr\u00e1s en el programa \u201cVoces de la Ciudad\u201d, [&hellip;]<\/p>\n","protected":false},"author":3,"featured_media":82088,"comment_status":"closed","ping_status":"closed","sticky":false,"template":"","format":"standard","meta":{"footnotes":""},"categories":[3],"tags":[],"class_list":["post-92685","post","type-post","status-publish","format-standard","has-post-thumbnail","category-masnoticias"],"_links":{"self":[{"href":"https:\/\/primicias2262.com\/noticias\/wp-json\/wp\/v2\/posts\/92685","targetHints":{"allow":["GET"]}}],"collection":[{"href":"https:\/\/primicias2262.com\/noticias\/wp-json\/wp\/v2\/posts"}],"about":[{"href":"https:\/\/primicias2262.com\/noticias\/wp-json\/wp\/v2\/types\/post"}],"author":[{"embeddable":true,"href":"https:\/\/primicias2262.com\/noticias\/wp-json\/wp\/v2\/users\/3"}],"replies":[{"embeddable":true,"href":"https:\/\/primicias2262.com\/noticias\/wp-json\/wp\/v2\/comments?post=92685"}],"version-history":[{"count":0,"href":"https:\/\/primicias2262.com\/noticias\/wp-json\/wp\/v2\/posts\/92685\/revisions"}],"wp:attachment":[{"href":"https:\/\/primicias2262.com\/noticias\/wp-json\/wp\/v2\/media?parent=92685"}],"wp:term":[{"taxonomy":"category","embeddable":true,"href":"https:\/\/primicias2262.com\/noticias\/wp-json\/wp\/v2\/categories?post=92685"},{"taxonomy":"post_tag","embeddable":true,"href":"https:\/\/primicias2262.com\/noticias\/wp-json\/wp\/v2\/tags?post=92685"}],"curies":[{"name":"wp","href":"https:\/\/api.w.org\/{rel}","templated":true}]}}