{"id":92687,"date":"2022-08-17T16:40:28","date_gmt":"2022-08-17T19:40:28","guid":{"rendered":"https:\/\/primicias2262.com\/?p=92687"},"modified":"2022-08-17T16:40:28","modified_gmt":"2022-08-17T19:40:28","slug":"avanza-la-construccion-del-nuevo-edificio-del-centro-de-salud-del-barrio-norte","status":"publish","type":"post","link":"https:\/\/primicias2262.com\/noticias\/avanza-la-construccion-del-nuevo-edificio-del-centro-de-salud-del-barrio-norte\/","title":{"rendered":"Avanza la construcci\u00f3n del nuevo edificio del Centro de Salud del Barrio Norte"},"content":{"rendered":"<p>El intendente Arturo Rojas recorri\u00f3 la obra del centro de salud que se est\u00e1 construyendo con pleno avance en Barrio Norte, m\u00e1s precisamente en calle 72 entre 47 y 49, y donde una vez terminado tendr\u00e1 m\u00faltiple atenci\u00f3n m\u00e9dica para los vecinos del populoso sector del distrito.<\/p>\n<p>Al respecto, la directora de Atenci\u00f3n Primaria de la Salud, Carina Mazeris, tambi\u00e9n presente en la recorrida, se\u00f1al\u00f3 que \u201ces un espacio amplio, donde habr\u00e1 seis consultorios y donde est\u00e1 contemplado realizar tres ba\u00f1os, uno para personas con discapacidad\u201d.<\/p>\n<p>\u201cTener este CAPS nuevo ser\u00e1 una gran ventaja porque ahora mismo funciona en una casa que es bastante chica, y en donde solo hay un consultorio m\u00e9dico y en el que hay que turnarse para atender\u201d a\u00f1adi\u00f3 la funcionaria.<\/p>\n<p>Y ejemplific\u00f3 con respecto a lo anterior que \u201cde hecho, el curso de preparto que pertenece al CAPS Norte hoy por hoy se hace mediante un convenio con la Casita Yipuy que nos presta un lugar\u201d.<\/p>\n<p>Mas tarde, subray\u00f3 la m\u00e9dica la importancia de este centro de salud \u201cporque estamos en presencia de una gran barriada que articula con el CIC y para nosotros, como equipo de salud, este avance de obra es una gran noticia\u201d.<\/p>\n<p>Asimismo, la funcionaria destac\u00f3 que \u201cen la recorrida pudimos ver la distribuci\u00f3n de lugar donde hay dos pasillos y doble circulaci\u00f3n para garantizar una buena ventilaci\u00f3n, adem\u00e1s de consultorios que incluyen atenci\u00f3n psicol\u00f3gica, odontol\u00f3gica, uno especial para enfermer\u00eda y dos que est\u00e1n uno al lado del otro para hacer estimulaci\u00f3n y kinesiolog\u00eda\u201d.<\/p>\n<p>Para terminar, Mazeris adelant\u00f3 que \u201ctambi\u00e9n pensamos en un espacio amplio que funcione como SUM, que no est\u00e1 dentro del proyecto original, y que proyectamos para lugar de reuniones, talleres y dem\u00e1s\u201d.<\/p>\n<p>Cabe recordar que esta obra viene postergada por gestiones anteriores, y que consciente de ello el intendente Rojas la reactivo en Naci\u00f3n al asumir, por lo que se cristalizar\u00e1 con fondos del Plan Argentina Hace 2021.<\/p>\n","protected":false},"excerpt":{"rendered":"<p>El intendente Arturo Rojas recorri\u00f3 la obra del centro de salud que se est\u00e1 construyendo con pleno avance en Barrio Norte, m\u00e1s precisamente en calle 72 entre 47 y 49, y donde una vez terminado tendr\u00e1 m\u00faltiple atenci\u00f3n m\u00e9dica para los vecinos del populoso sector del distrito. Al respecto, la directora de Atenci\u00f3n Primaria de [&hellip;]<\/p>\n","protected":false},"author":3,"featured_media":92688,"comment_status":"closed","ping_status":"closed","sticky":false,"template":"","format":"standard","meta":{"footnotes":""},"categories":[3],"tags":[],"class_list":["post-92687","post","type-post","status-publish","format-standard","has-post-thumbnail","category-masnoticias"],"_links":{"self":[{"href":"https:\/\/primicias2262.com\/noticias\/wp-json\/wp\/v2\/posts\/92687","targetHints":{"allow":["GET"]}}],"collection":[{"href":"https:\/\/primicias2262.com\/noticias\/wp-json\/wp\/v2\/posts"}],"about":[{"href":"https:\/\/primicias2262.com\/noticias\/wp-json\/wp\/v2\/types\/post"}],"author":[{"embeddable":true,"href":"https:\/\/primicias2262.com\/noticias\/wp-json\/wp\/v2\/users\/3"}],"replies":[{"embeddable":true,"href":"https:\/\/primicias2262.com\/noticias\/wp-json\/wp\/v2\/comments?post=92687"}],"version-history":[{"count":0,"href":"https:\/\/primicias2262.com\/noticias\/wp-json\/wp\/v2\/posts\/92687\/revisions"}],"wp:attachment":[{"href":"https:\/\/primicias2262.com\/noticias\/wp-json\/wp\/v2\/media?parent=92687"}],"wp:term":[{"taxonomy":"category","embeddable":true,"href":"https:\/\/primicias2262.com\/noticias\/wp-json\/wp\/v2\/categories?post=92687"},{"taxonomy":"post_tag","embeddable":true,"href":"https:\/\/primicias2262.com\/noticias\/wp-json\/wp\/v2\/tags?post=92687"}],"curies":[{"name":"wp","href":"https:\/\/api.w.org\/{rel}","templated":true}]}}