{"id":92694,"date":"2022-08-18T11:51:57","date_gmt":"2022-08-18T14:51:57","guid":{"rendered":"https:\/\/primicias2262.com\/?p=92694"},"modified":"2022-08-18T11:51:57","modified_gmt":"2022-08-18T14:51:57","slug":"la-directora-del-hospital-ferreyra-aseguro-que-no-hay-falta-de-insumos","status":"publish","type":"post","link":"https:\/\/primicias2262.com\/noticias\/la-directora-del-hospital-ferreyra-aseguro-que-no-hay-falta-de-insumos\/","title":{"rendered":"La directora del Hospital Ferreyra asegur\u00f3 que no hay falta de insumos"},"content":{"rendered":"<p>As\u00ed lo confirm\u00f3 enf\u00e1ticamente la directora del Hospital Municipal \u201cDr. Emilio Ferreyra\u201d, Vilma Parodi, en respuesta a una publicaci\u00f3n que apareci\u00f3 en las \u00faltimas horas en redes sociales que alertaba sobre la falta de ciertos insumos en el nosocomio de la ciudad.<\/p>\n<p>\u201cEn este momento est\u00e1 perfecto el tema de insumos, realmente no s\u00e9 por qu\u00e9 iniciaron una colecta, quiz\u00e1 sea para colaborar, pero no hay falta de insumos\u201d, dej\u00f3 en claro la funcionaria en el programa \u201cVoces de la Ciudad\u201d cuando fue consultada por el periodista Jorge G\u00f3mez.<\/p>\n<p><a href=\"https:\/\/primicias2262.com\/wp-content\/uploads\/2022\/08\/Parodi.jpg\"><img loading=\"lazy\" decoding=\"async\" class=\"alignright size-medium wp-image-92696\" src=\"https:\/\/primicias2262.com\/wp-content\/uploads\/2022\/08\/Parodi-300x300.jpg\" alt=\"\" width=\"300\" height=\"300\" \/><\/a>\u201cEs m\u00e1s, invito a cualquier ciudadano com\u00fan a que venga al hospital, somos una Direcci\u00f3n de puertas abiertas y los podemos acompa\u00f1ar a ver los lugares de reserva. En este momento falta de insumos no hay\u201d.<\/p>\n<p>Esto viene a cuenta de una publicaci\u00f3n en las \u00faltimas horas de un vecino en redes sociales que estando internado en el hospital supuestamente advirti\u00f3 falta de gasas, desinfectantes, algod\u00f3n y cintas, pero Parodi volvi\u00f3 a insistir: \u201cNo faltan esas cosas para nada, es m\u00e1s, estamos buscando un lugar porque ahora llega la licitaci\u00f3n de descartables y medicamentos y no tenemos donde ponerlos\u201d.<\/p>\n<p>\u201cRealmente no hace falta absolutamente nada, a lo mejor lo hicieron con intenci\u00f3n de colaborar, pero hay gasas, telas adhesivas, alcohol y medicamentos no falta ninguno\u201d, argument\u00f3 para cerrar el tema.<\/p>\n<p>Finalmente, donde s\u00ed reconoci\u00f3 una carencia fue en cuanto a recurso humano: \u201cEstamos buscando constantemente, y sobre todo tenemos demanda de anestesi\u00f3logos, pero es en toda la Argentina. Todos los d\u00edas estoy en el quir\u00f3fano, operando con los traumat\u00f3logos\u201d, revel\u00f3.<\/p>\n","protected":false},"excerpt":{"rendered":"<p>As\u00ed lo confirm\u00f3 enf\u00e1ticamente la directora del Hospital Municipal \u201cDr. Emilio Ferreyra\u201d, Vilma Parodi, en respuesta a una publicaci\u00f3n que apareci\u00f3 en las \u00faltimas horas en redes sociales que alertaba sobre la falta de ciertos insumos en el nosocomio de la ciudad. \u201cEn este momento est\u00e1 perfecto el tema de insumos, realmente no s\u00e9 por [&hellip;]<\/p>\n","protected":false},"author":3,"featured_media":76532,"comment_status":"closed","ping_status":"closed","sticky":false,"template":"","format":"standard","meta":{"footnotes":""},"categories":[3],"tags":[],"class_list":["post-92694","post","type-post","status-publish","format-standard","has-post-thumbnail","category-masnoticias"],"_links":{"self":[{"href":"https:\/\/primicias2262.com\/noticias\/wp-json\/wp\/v2\/posts\/92694","targetHints":{"allow":["GET"]}}],"collection":[{"href":"https:\/\/primicias2262.com\/noticias\/wp-json\/wp\/v2\/posts"}],"about":[{"href":"https:\/\/primicias2262.com\/noticias\/wp-json\/wp\/v2\/types\/post"}],"author":[{"embeddable":true,"href":"https:\/\/primicias2262.com\/noticias\/wp-json\/wp\/v2\/users\/3"}],"replies":[{"embeddable":true,"href":"https:\/\/primicias2262.com\/noticias\/wp-json\/wp\/v2\/comments?post=92694"}],"version-history":[{"count":0,"href":"https:\/\/primicias2262.com\/noticias\/wp-json\/wp\/v2\/posts\/92694\/revisions"}],"wp:attachment":[{"href":"https:\/\/primicias2262.com\/noticias\/wp-json\/wp\/v2\/media?parent=92694"}],"wp:term":[{"taxonomy":"category","embeddable":true,"href":"https:\/\/primicias2262.com\/noticias\/wp-json\/wp\/v2\/categories?post=92694"},{"taxonomy":"post_tag","embeddable":true,"href":"https:\/\/primicias2262.com\/noticias\/wp-json\/wp\/v2\/tags?post=92694"}],"curies":[{"name":"wp","href":"https:\/\/api.w.org\/{rel}","templated":true}]}}