{"id":92699,"date":"2022-08-18T12:16:26","date_gmt":"2022-08-18T15:16:26","guid":{"rendered":"https:\/\/primicias2262.com\/?p=92699"},"modified":"2022-08-18T12:16:26","modified_gmt":"2022-08-18T15:16:26","slug":"patrulla-motorizada-hay-una-firme-intencion-de-tener-los-vehiculos-de-forma-permanente-en-la-ciudad","status":"publish","type":"post","link":"https:\/\/primicias2262.com\/noticias\/patrulla-motorizada-hay-una-firme-intencion-de-tener-los-vehiculos-de-forma-permanente-en-la-ciudad\/","title":{"rendered":"Patrulla motorizada: hay una firme intenci\u00f3n de tener los veh\u00edculos de forma permanente en la ciudad"},"content":{"rendered":"<p>Tanto el director de Coordinaci\u00f3n de Pol\u00edticas de Seguridad, \u00c1ngel V\u00e1zquez, como el concejal y presidente de la Comisi\u00f3n de Seguridad del Concejo Deliberante, Jorge Mart\u00ednez, trazaron un muy buen balance de lo actuado por el Grupo Prevenci\u00f3n Motorizada de Mar del Plata durante el pasado fin de semana en la ciudad con m\u00e1s de 30 secuestros de motos, y ya se planea una log\u00edstica para implementarlo en Necochea sin depender de que viajen exclusivamente.<\/p>\n<p>En declaraciones formuladas en el programa \u201cVoces de la Ciudad\u201d, V\u00e1zquez se\u00f1al\u00f3 en primer t\u00e9rmino que \u201cfue una experiencia muy buena lo que hizo este grupo de prevenci\u00f3n motorizado, conocido como GPM, que se fund\u00f3 en 2013 en Ezeiza y ahora pertenecen a un grupo de operaciones especiales que el fin de semana estuvo ac\u00e1\u201d.<\/p>\n<p>\u201cHicieron un trabajo en silencio, con un desplazamiento con ese tipo de veh\u00edculo para el que est\u00e1n entrenados y adem\u00e1s saben cu\u00e1les son las t\u00e1cticas que tienen que implementar, van de a dos en las motos y les pregunt\u00e9 si conoc\u00edan la ciudad, e incluso hay necochenses en el grupo\u201d, manifest\u00f3 el funcionario.<\/p>\n<p>Revel\u00f3 al instante que \u201ccon ese conocimiento de la ciudad agilizaron mucho ante los llamados, tienen comunicaci\u00f3n por GPS para ir transitando y la verdad es una forma de poner un acento y llamar a la reflexi\u00f3n al tema de las motos, hay que hacer respetar normas de tr\u00e1nsito y convivencia\u201d.<\/p>\n<p>En ese marco que anticip\u00f3 que \u201ces de inter\u00e9s general que puedan estar en Necochea y haremos un relevamiento en la posta del Barrio 9 de Julio para reacondicionar algunas cosas para contar con este grupo en la ciudad como base operativa. El viaje de los veh\u00edculos en la ruta no es aconsejable por el desgaste y la idea es que haya una disposici\u00f3n permanente de esos veh\u00edculos en Necochea, por eso la b\u00fasqueda de un lugar c\u00f3modo y \u00fatil para guardar los elementos\u201d.<\/p>\n<p>Por su parte, el concejal de Nueva Necochea, Jorge Mart\u00ednez, inform\u00f3 que la llegada del grupo de patrulla motorizada de MdP por el fin de semana largo fue con la anuencia del intendente Arturo Rojas y por pedido del Jefe Departamental Jorge Mastropierro al superintendente de Mar del Plata.<\/p>\n<p>En ese contexto, reafirm\u00f3 lo dicho por V\u00e1zquez al expresar que \u201cest\u00e1 la posibilidad de que sea permanente la llegada de este grupo, as\u00ed que estamos buscando reacondicionar alg\u00fan lugar, como puede ser la posta del Barrio 9 de Julio\u201d<\/p>\n<p>Sse\u00f1al\u00f3 que \u201cla actuaci\u00f3n fue prevenci\u00f3n, principalmente con el tema de las motos, que tienden a evadir los controles por distintos motivos, pero este grupo motorizado los persigue, hace toda una persecuci\u00f3n porque lo entienden como un desacato a la autoridad y hay que ver qu\u00e9 interpretaci\u00f3n tendr\u00e1 la Fiscal\u00eda en cuanto a estas detenciones\u201d.<\/p>\n<p>\u201cNos contaban que ten\u00edan todo el apoyo de la Fiscal\u00eda de Mar del Plata para su actuaci\u00f3n; es un grupo motorizado que por ah\u00ed tiene un proceder distinto con las facultades para tener otro tipo de trabajo como la persecuci\u00f3n de las motos que ha llevado a que hagan muchos secuestros. Son motos de 600 CC., una maneja y otro va parado atr\u00e1s, hac\u00eda mucha falta porque el tema de las motos se desbanda y la idea es que todos los fines de semana podamos contar con esto\u201d, concluy\u00f3 el edil.<\/p>\n","protected":false},"excerpt":{"rendered":"<p>Tanto el director de Coordinaci\u00f3n de Pol\u00edticas de Seguridad, \u00c1ngel V\u00e1zquez, como el concejal y presidente de la Comisi\u00f3n de Seguridad del Concejo Deliberante, Jorge Mart\u00ednez, trazaron un muy buen balance de lo actuado por el Grupo Prevenci\u00f3n Motorizada de Mar del Plata durante el pasado fin de semana en la ciudad con m\u00e1s de [&hellip;]<\/p>\n","protected":false},"author":3,"featured_media":92700,"comment_status":"closed","ping_status":"closed","sticky":false,"template":"","format":"standard","meta":{"footnotes":""},"categories":[3],"tags":[],"class_list":["post-92699","post","type-post","status-publish","format-standard","has-post-thumbnail","category-masnoticias"],"_links":{"self":[{"href":"https:\/\/primicias2262.com\/noticias\/wp-json\/wp\/v2\/posts\/92699","targetHints":{"allow":["GET"]}}],"collection":[{"href":"https:\/\/primicias2262.com\/noticias\/wp-json\/wp\/v2\/posts"}],"about":[{"href":"https:\/\/primicias2262.com\/noticias\/wp-json\/wp\/v2\/types\/post"}],"author":[{"embeddable":true,"href":"https:\/\/primicias2262.com\/noticias\/wp-json\/wp\/v2\/users\/3"}],"replies":[{"embeddable":true,"href":"https:\/\/primicias2262.com\/noticias\/wp-json\/wp\/v2\/comments?post=92699"}],"version-history":[{"count":0,"href":"https:\/\/primicias2262.com\/noticias\/wp-json\/wp\/v2\/posts\/92699\/revisions"}],"wp:attachment":[{"href":"https:\/\/primicias2262.com\/noticias\/wp-json\/wp\/v2\/media?parent=92699"}],"wp:term":[{"taxonomy":"category","embeddable":true,"href":"https:\/\/primicias2262.com\/noticias\/wp-json\/wp\/v2\/categories?post=92699"},{"taxonomy":"post_tag","embeddable":true,"href":"https:\/\/primicias2262.com\/noticias\/wp-json\/wp\/v2\/tags?post=92699"}],"curies":[{"name":"wp","href":"https:\/\/api.w.org\/{rel}","templated":true}]}}