{"id":92702,"date":"2022-08-18T12:21:31","date_gmt":"2022-08-18T15:21:31","guid":{"rendered":"https:\/\/primicias2262.com\/?p=92702"},"modified":"2022-08-18T12:21:31","modified_gmt":"2022-08-18T15:21:31","slug":"guardavidas-la-prueba-anual-de-suficiencia-se-realizara-el-29-de-octubre","status":"publish","type":"post","link":"https:\/\/primicias2262.com\/noticias\/guardavidas-la-prueba-anual-de-suficiencia-se-realizara-el-29-de-octubre\/","title":{"rendered":"Guardavidas: la prueba anual de suficiencia se realizar\u00e1 el 29 de octubre"},"content":{"rendered":"<p><strong>El titular de la Asociaci\u00f3n de Guardavidas, Pablo\u00a0 Su\u00e1rez cont\u00f3 detalles de la elecci\u00f3n de la fecha<\/strong><\/p>\n<p>Indic\u00f3 que \u201chemos estado conectados con las nuevas autoridades de la Comisi\u00f3n Provincial, con el presidente Emiliano Bronte, a quien le solicitamos una fecha de prueba anual de suficiencia que es cuando todos los guardavidas cada temporada revalidan su t\u00edtulo para poder estar aptos para trabajar\u201d.<\/p>\n<p>En tal sentido, \u201cBronte nos confirm\u00f3 que el 29 de octubre a las 9 se dar\u00e1 cita en la ciudad y va a supervisar la prueba, en la ribera y calle 66, donde est\u00e1 la bajada del Club del Valle\u201d, inform\u00f3 Su\u00e1rez en el programa \u00abVoces de la ciudad\u00bb.<\/p>\n<p>Al instante, revel\u00f3 que \u201chab\u00eda un cupo de 400 guardavidas, habl\u00e9 con \u00e9l (por Bronte) y me confirm\u00f3 que el cupo va a ser abierto porque hubo una gran cantidad ya de inscriptos por estos d\u00edas, as\u00ed que vamos a poder recibir no s\u00f3lo guardavidas de Necochea y Quequ\u00e9n sino de toda la zona aleda\u00f1a a la ciudad\u201d.<\/p>\n<p>Por \u00faltimo, el titular de AGNQ revel\u00f3 que \u201cla Comisi\u00f3n Provincial de Guardavidas solicitaba que la Municipalidad pudiera armar esta solicitud as\u00ed que tuvimos en contacto con el Ejecutivo y r\u00e1pidamente se puso en contacto con la Comisi\u00f3n y se pudo aprobar esta fecha\u201d.<\/p>\n","protected":false},"excerpt":{"rendered":"<p>El titular de la Asociaci\u00f3n de Guardavidas, Pablo\u00a0 Su\u00e1rez cont\u00f3 detalles de la elecci\u00f3n de la fecha Indic\u00f3 que \u201chemos estado conectados con las nuevas autoridades de la Comisi\u00f3n Provincial, con el presidente Emiliano Bronte, a quien le solicitamos una fecha de prueba anual de suficiencia que es cuando todos los guardavidas cada temporada revalidan [&hellip;]<\/p>\n","protected":false},"author":3,"featured_media":74684,"comment_status":"closed","ping_status":"closed","sticky":false,"template":"","format":"standard","meta":{"footnotes":""},"categories":[3],"tags":[],"class_list":["post-92702","post","type-post","status-publish","format-standard","has-post-thumbnail","category-masnoticias"],"_links":{"self":[{"href":"https:\/\/primicias2262.com\/noticias\/wp-json\/wp\/v2\/posts\/92702","targetHints":{"allow":["GET"]}}],"collection":[{"href":"https:\/\/primicias2262.com\/noticias\/wp-json\/wp\/v2\/posts"}],"about":[{"href":"https:\/\/primicias2262.com\/noticias\/wp-json\/wp\/v2\/types\/post"}],"author":[{"embeddable":true,"href":"https:\/\/primicias2262.com\/noticias\/wp-json\/wp\/v2\/users\/3"}],"replies":[{"embeddable":true,"href":"https:\/\/primicias2262.com\/noticias\/wp-json\/wp\/v2\/comments?post=92702"}],"version-history":[{"count":0,"href":"https:\/\/primicias2262.com\/noticias\/wp-json\/wp\/v2\/posts\/92702\/revisions"}],"wp:attachment":[{"href":"https:\/\/primicias2262.com\/noticias\/wp-json\/wp\/v2\/media?parent=92702"}],"wp:term":[{"taxonomy":"category","embeddable":true,"href":"https:\/\/primicias2262.com\/noticias\/wp-json\/wp\/v2\/categories?post=92702"},{"taxonomy":"post_tag","embeddable":true,"href":"https:\/\/primicias2262.com\/noticias\/wp-json\/wp\/v2\/tags?post=92702"}],"curies":[{"name":"wp","href":"https:\/\/api.w.org\/{rel}","templated":true}]}}