{"id":92704,"date":"2022-08-18T12:49:52","date_gmt":"2022-08-18T15:49:52","guid":{"rendered":"https:\/\/primicias2262.com\/?p=92704"},"modified":"2022-08-18T12:49:52","modified_gmt":"2022-08-18T15:49:52","slug":"dos-patinadoras-del-club-huracan-clasificadas-a-las-finales-de-los-juegos-bonaerenses","status":"publish","type":"post","link":"https:\/\/primicias2262.com\/noticias\/dos-patinadoras-del-club-huracan-clasificadas-a-las-finales-de-los-juegos-bonaerenses\/","title":{"rendered":"Dos patinadoras del Club Hurac\u00e1n clasificadas a las finales de los Juegos Bonaerenses"},"content":{"rendered":"<p><strong>Se trata de Sof\u00eda Cejas y Martina Iphar Garc\u00eda, quienes son dirigidas en la instituci\u00f3n del Globo por la t\u00e9cnica nacional, Florencia Mart\u00edn.<\/strong><\/p>\n<p>Avanza el a\u00f1o y de a poco empiezan a definirse los compromisos regionales de los Juegos Bonaerenses 2022 para los distintos deportes, en vista a lo que ser\u00e1n las finales en octubre en Mar del Plata, y en ese contexto, en lo que respecta a pat\u00edn art\u00edstico, dos alumnas del Club Hurac\u00e1n lograron sacar pasaje a la instancia decisiva.<\/p>\n<p><a href=\"https:\/\/primicias2262.com\/wp-content\/uploads\/2022\/08\/foto-patin-Huracan-regional.jpeg\"><img loading=\"lazy\" decoding=\"async\" class=\"alignleft size-medium wp-image-92706\" src=\"https:\/\/primicias2262.com\/wp-content\/uploads\/2022\/08\/foto-patin-Huracan-regional-225x300.jpeg\" alt=\"\" width=\"225\" height=\"300\" \/><\/a><\/p>\n<p>Se trata de las patinadoras Sof\u00eda Cejas y Martina Iphar Garc\u00eda, quienes disputaron la etapa regional de Bonaerenses en Mar del Plata y lograron la clasificaci\u00f3n. En el caso de Sof\u00eda Cejas, fue quinta en Sub 13, mientras que en la misma categor\u00eda, Martina Iphar Garc\u00eda fue tercera. La delegaci\u00f3n encabezada por la t\u00e9cnica nacional Florencia Mart\u00edn se complet\u00f3 con Luc\u00eda Sarasola, quien fue 5ta en Sub 16 pero no pudo acceder a la final.<\/p>\n<p><strong>Hurac\u00e1n, en la 4ta fecha del Marplatense<\/strong><\/p>\n<p>Por otra parte, Hurac\u00e1n obtuvo grandes resultados en la 4ta fecha de la Asociaci\u00f3n Marplatense, que se llev\u00f3 a cabo el pasado fin de semana en la ciudad de Otamendi, m\u00e1s precisamente en el Club C\u00edrculo Deportivo.<\/p>\n<p><strong>Los resultados de las chicas del Globo fueron los siguientes:<\/strong><\/p>\n<p>Formativa<\/p>\n<p>-10 a\u00f1os Franchesca Vi\u00f1uela 4ta<br \/>\n-12 a\u00f1os Brisa Gigena 1era<br \/>\n-Geraldine Jensen 3 era<\/p>\n<p>&#8211; 13 a\u00f1os Jazm\u00edn Buchi 3era<br \/>\n-13 a\u00f1os Carola Crecenti 7ma<\/p>\n<p>C Quinta<\/p>\n<p>-11 a\u00f1os P\u00eda Zabaleta 2da<br \/>\n-12 a\u00f1os Sof\u00eda Cejas 1era<br \/>\n-13 a\u00f1os Victoria Ramos 4ta<\/p>\n<p>C Cuarta<\/p>\n<p>-10 a\u00f1os Eliana Otero 1era<br \/>\n-15 a\u00f1os Florencia Araujo 1era<\/p>\n<p>-14 a\u00f1os<br \/>\n-Zafiro Acu\u00f1a Enciso 3era<br \/>\n-Naiquen Russo 5ta<br \/>\n-Zoe Moreno 2da<br \/>\n-Ana Rasmussen 4ta<\/p>\n<p>C Tercera<\/p>\n<p>13 a\u00f1os<br \/>\n-Martina Iphar Garc\u00eda 3era<br \/>\n-Tatiana Rautto 1era<br \/>\n-Mayores Zoe Alberca 1era<\/p>\n<p>C Segunda<\/p>\n<p>-15 a\u00f1os Luana Magno Camacho 1era<\/p>\n<p>-Mayores Candela Cajaravilla 2da<\/p>\n<p>B promocional senior &#8211; Agustina Rodr\u00edguez 1era<\/p>\n","protected":false},"excerpt":{"rendered":"<p>Se trata de Sof\u00eda Cejas y Martina Iphar Garc\u00eda, quienes son dirigidas en la instituci\u00f3n del Globo por la t\u00e9cnica nacional, Florencia Mart\u00edn. Avanza el a\u00f1o y de a poco empiezan a definirse los compromisos regionales de los Juegos Bonaerenses 2022 para los distintos deportes, en vista a lo que ser\u00e1n las finales en octubre [&hellip;]<\/p>\n","protected":false},"author":3,"featured_media":92705,"comment_status":"closed","ping_status":"closed","sticky":false,"template":"","format":"standard","meta":{"footnotes":""},"categories":[3],"tags":[],"class_list":["post-92704","post","type-post","status-publish","format-standard","has-post-thumbnail","category-masnoticias"],"_links":{"self":[{"href":"https:\/\/primicias2262.com\/noticias\/wp-json\/wp\/v2\/posts\/92704","targetHints":{"allow":["GET"]}}],"collection":[{"href":"https:\/\/primicias2262.com\/noticias\/wp-json\/wp\/v2\/posts"}],"about":[{"href":"https:\/\/primicias2262.com\/noticias\/wp-json\/wp\/v2\/types\/post"}],"author":[{"embeddable":true,"href":"https:\/\/primicias2262.com\/noticias\/wp-json\/wp\/v2\/users\/3"}],"replies":[{"embeddable":true,"href":"https:\/\/primicias2262.com\/noticias\/wp-json\/wp\/v2\/comments?post=92704"}],"version-history":[{"count":0,"href":"https:\/\/primicias2262.com\/noticias\/wp-json\/wp\/v2\/posts\/92704\/revisions"}],"wp:attachment":[{"href":"https:\/\/primicias2262.com\/noticias\/wp-json\/wp\/v2\/media?parent=92704"}],"wp:term":[{"taxonomy":"category","embeddable":true,"href":"https:\/\/primicias2262.com\/noticias\/wp-json\/wp\/v2\/categories?post=92704"},{"taxonomy":"post_tag","embeddable":true,"href":"https:\/\/primicias2262.com\/noticias\/wp-json\/wp\/v2\/tags?post=92704"}],"curies":[{"name":"wp","href":"https:\/\/api.w.org\/{rel}","templated":true}]}}