{"id":92723,"date":"2022-08-18T13:58:44","date_gmt":"2022-08-18T16:58:44","guid":{"rendered":"https:\/\/primicias2262.com\/?p=92723"},"modified":"2022-08-18T13:58:44","modified_gmt":"2022-08-18T16:58:44","slug":"se-esta-desarrollando-la-31o-edicion-de-las-olimpiadas-de-matematica-nandu","status":"publish","type":"post","link":"https:\/\/primicias2262.com\/noticias\/se-esta-desarrollando-la-31o-edicion-de-las-olimpiadas-de-matematica-nandu\/","title":{"rendered":"Se est\u00e1 desarrollando la 31\u00ba edici\u00f3n de las Olimp\u00edadas de Matem\u00e1tica \u00d1and\u00fa"},"content":{"rendered":"<p><strong>M\u00e1s de 300 alumnos de distintas partes de la provincia de Buenos Aires participaron esta ma\u00f1ana de la instancia de \u201cprueba escrita\u201d en el SUM del Centro Vasco. A la tarde se realizar\u00e1 la de \u201cdiscusi\u00f3n de problemas\u201d y ma\u00f1ana se har\u00e1 la exposici\u00f3n oral y premiaci\u00f3n en el Cine Teatro Par\u00eds.<\/strong><\/p>\n<p>En la ma\u00f1ana de este jueves, con la participaci\u00f3n de m\u00e1s de 300 alumnos que llegaron a Necochea desde distintas partes de la provincia, comenz\u00f3 a desarrollarse la edici\u00f3n XXXI de las Olimp\u00edadas de Matem\u00e1tica \u00d1and\u00fa, en su etapa de Regional Bonaerense, actividad que continuar\u00e1 por la tarde y que finalizar\u00e1 este viernes, en el Cine Teatro Par\u00eds.<\/p>\n<p>El movimiento general del evento empez\u00f3 a verse en la noche de ayer, con la acreditaci\u00f3n de los estudiantes, entre las 15 y las 20, y una cena de camarader\u00eda en los hoteles asignados a cada delegaci\u00f3n.<\/p>\n<p>En cuanto a la competencia propiamente dicha, la instancia de \u201cprueba escrita\u201d tuvo realizaci\u00f3n entre las 9 y las 11:30 de hoy, luego de lo cual los alumnos abandonaron las instalaciones del Centro Vasco -en cuyo SUM se realiza el certamen-, para volver por la tarde a intervenir en la fase de \u201cdiscusi\u00f3n de problemas.<\/p>\n<p>El evento \u201ces organizado por un profesor de Matem\u00e1ticas de nuestra ciudad, anteriormente se hac\u00eda en Mar del Plata y, desde hace unos a\u00f1os atr\u00e1s, se eligi\u00f3 como sede a Necochea por su disposici\u00f3n, por la tranquilidad en cuanto a albergar a la cantidad de estudiantes que vienen\u201d, explic\u00f3 la directora de Educaci\u00f3n de la comuna, Mariela Cellerino.<\/p>\n<p>Las olimpiadas son apoyadas por el municipio a trav\u00e9s de un trabajo articulado de diferentes \u00e1reas. \u201cNosotros, desde la Secretar\u00eda de Desarrollo Humano y Pol\u00edticas Sociales, colaboramos consiguiendo y trayendo bancos y pupitres de todas las escuelas, que fueron trasladados por personal del Corral\u00f3n\u201d, recordando que \u201choy es un d\u00eda con presencialidad en las instituciones educativas, as\u00ed que aquellas que tienen sobrante los facilitaron\u201d, as\u00ed como el instituto de Formaci\u00f3n Docente N\u00ba 31, agreg\u00f3 la funcionaria.<\/p>\n<p>Adem\u00e1s, la Secretar\u00eda de Turismo y Desarrollo Productivo \u201chizo la gr\u00e1fica para la acreditaci\u00f3n, las credenciales para los alumnos y sus familiares, y armaron una mesa con mapas y folleter\u00eda para que tambi\u00e9n los estudiantes puedan recorrer los espacios que ofrece nuestra ciudad en su tiempo de ocio\u201d.<\/p>\n<p>\u201cEl cierre ser\u00e1 ma\u00f1ana en el Cine Teatro Par\u00eds (se desarrollar\u00e1 entre las 9 y las 11:30), donde el jurado va a hacer una devoluci\u00f3n y posterior premiaci\u00f3n a quienes pasaron la prueba. Ah\u00ed se llegan a las conclusiones, se ven las estrategias que los alumnos utilizaron para llegar a obtener los resultados y, despu\u00e9s, ya quedan liberados para que cada familia puede regresar a su lugar de origen\u201d, cerr\u00f3 la Directora.<\/p>\n<p>Sobre la realizaci\u00f3n de este evento, Mat\u00edas Sierra, titular del \u00e1rea de Turismo, hab\u00eda se\u00f1alado que \u201cla gran cantidad de j\u00f3venes que van a estar asistiendo, que van desde los 12 hasta los 18 a\u00f1os, estar\u00e1n acompa\u00f1ados por sus familias, as\u00ed que de esta manera tambi\u00e9n estamos ayudando a todo lo que es el sector\u201d hotelero y comercial del distrito.<\/p>\n","protected":false},"excerpt":{"rendered":"<p>M\u00e1s de 300 alumnos de distintas partes de la provincia de Buenos Aires participaron esta ma\u00f1ana de la instancia de \u201cprueba escrita\u201d en el SUM del Centro Vasco. A la tarde se realizar\u00e1 la de \u201cdiscusi\u00f3n de problemas\u201d y ma\u00f1ana se har\u00e1 la exposici\u00f3n oral y premiaci\u00f3n en el Cine Teatro Par\u00eds. En la ma\u00f1ana [&hellip;]<\/p>\n","protected":false},"author":3,"featured_media":92724,"comment_status":"closed","ping_status":"closed","sticky":false,"template":"","format":"standard","meta":{"footnotes":""},"categories":[3],"tags":[],"class_list":["post-92723","post","type-post","status-publish","format-standard","has-post-thumbnail","category-masnoticias"],"_links":{"self":[{"href":"https:\/\/primicias2262.com\/noticias\/wp-json\/wp\/v2\/posts\/92723","targetHints":{"allow":["GET"]}}],"collection":[{"href":"https:\/\/primicias2262.com\/noticias\/wp-json\/wp\/v2\/posts"}],"about":[{"href":"https:\/\/primicias2262.com\/noticias\/wp-json\/wp\/v2\/types\/post"}],"author":[{"embeddable":true,"href":"https:\/\/primicias2262.com\/noticias\/wp-json\/wp\/v2\/users\/3"}],"replies":[{"embeddable":true,"href":"https:\/\/primicias2262.com\/noticias\/wp-json\/wp\/v2\/comments?post=92723"}],"version-history":[{"count":0,"href":"https:\/\/primicias2262.com\/noticias\/wp-json\/wp\/v2\/posts\/92723\/revisions"}],"wp:attachment":[{"href":"https:\/\/primicias2262.com\/noticias\/wp-json\/wp\/v2\/media?parent=92723"}],"wp:term":[{"taxonomy":"category","embeddable":true,"href":"https:\/\/primicias2262.com\/noticias\/wp-json\/wp\/v2\/categories?post=92723"},{"taxonomy":"post_tag","embeddable":true,"href":"https:\/\/primicias2262.com\/noticias\/wp-json\/wp\/v2\/tags?post=92723"}],"curies":[{"name":"wp","href":"https:\/\/api.w.org\/{rel}","templated":true}]}}