{"id":92726,"date":"2022-08-19T09:45:04","date_gmt":"2022-08-19T12:45:04","guid":{"rendered":"https:\/\/primicias2262.com\/?p=92726"},"modified":"2022-08-19T09:45:04","modified_gmt":"2022-08-19T12:45:04","slug":"unicen-se-viene-la-1ra-semana-de-la-extension-con-actividades-en-simultaneo","status":"publish","type":"post","link":"https:\/\/primicias2262.com\/noticias\/unicen-se-viene-la-1ra-semana-de-la-extension-con-actividades-en-simultaneo\/","title":{"rendered":"UNICEN: Se viene la 1ra Semana de la Extensi\u00f3n con actividades en simult\u00e1neo"},"content":{"rendered":"<p><strong>Ser\u00e1 la semana pr\u00f3xima, del lunes 22 al viernes 26, con m\u00faltiples actividades presenciales y virtuales.<\/strong><\/p>\n<p>Del 22 al 26 de agosto, se realizar\u00e1 la 1ra edici\u00f3n de la Semana de la Extensi\u00f3n con actividades en simult\u00e1neo en todas las sedes y facultades de la UNICEN. Se trata de una propuesta muy diversa que pone en valor la relaci\u00f3n de la universidad con la comunidad.<\/p>\n<p>La Semana, coordinada por la Secretar\u00eda de Extensi\u00f3n de UNICEN, en la que se presentar\u00e1n m\u00e1s de 100 actividades h\u00edbridas, presenciales y virtuales y 150 posters y videos, apunta a mostrar todo lo que la universidad realiza en su vinculaci\u00f3n con la comunidad. Para ello, se desplegar\u00e1 en las sedes Tandil, Olavarr\u00eda, Azul y Quequ\u00e9n un amplio programa de actividades de visibilizaci\u00f3n, capacitaci\u00f3n e intercambio, destinadas a estudiantes, graduados, docentes, Nodocentes y a la comunidad en general.<\/p>\n<p><strong>En el caso de Quequ\u00e9n, <\/strong>el cronograma de actividades que se realizar\u00e1n en el Aula Magna de la sede ubicada en calle 508 N\u00ba 881 se adjunta a comunicaci\u00f3n.<\/p>\n<p><a href=\"https:\/\/primicias2262.com\/wp-content\/uploads\/2022\/08\/CRONOGRAMA-Semana-de-Extension.pdf\" target=\"_blank\" rel=\"noopener\"><strong>CRONOGRAMA UNICEN QUEQU\u00c9N<\/strong><\/a><\/p>\n","protected":false},"excerpt":{"rendered":"<p>Ser\u00e1 la semana pr\u00f3xima, del lunes 22 al viernes 26, con m\u00faltiples actividades presenciales y virtuales. Del 22 al 26 de agosto, se realizar\u00e1 la 1ra edici\u00f3n de la Semana de la Extensi\u00f3n con actividades en simult\u00e1neo en todas las sedes y facultades de la UNICEN. Se trata de una propuesta muy diversa que pone [&hellip;]<\/p>\n","protected":false},"author":3,"featured_media":73090,"comment_status":"closed","ping_status":"closed","sticky":false,"template":"","format":"standard","meta":{"footnotes":""},"categories":[3],"tags":[],"class_list":["post-92726","post","type-post","status-publish","format-standard","has-post-thumbnail","category-masnoticias"],"_links":{"self":[{"href":"https:\/\/primicias2262.com\/noticias\/wp-json\/wp\/v2\/posts\/92726","targetHints":{"allow":["GET"]}}],"collection":[{"href":"https:\/\/primicias2262.com\/noticias\/wp-json\/wp\/v2\/posts"}],"about":[{"href":"https:\/\/primicias2262.com\/noticias\/wp-json\/wp\/v2\/types\/post"}],"author":[{"embeddable":true,"href":"https:\/\/primicias2262.com\/noticias\/wp-json\/wp\/v2\/users\/3"}],"replies":[{"embeddable":true,"href":"https:\/\/primicias2262.com\/noticias\/wp-json\/wp\/v2\/comments?post=92726"}],"version-history":[{"count":0,"href":"https:\/\/primicias2262.com\/noticias\/wp-json\/wp\/v2\/posts\/92726\/revisions"}],"wp:attachment":[{"href":"https:\/\/primicias2262.com\/noticias\/wp-json\/wp\/v2\/media?parent=92726"}],"wp:term":[{"taxonomy":"category","embeddable":true,"href":"https:\/\/primicias2262.com\/noticias\/wp-json\/wp\/v2\/categories?post=92726"},{"taxonomy":"post_tag","embeddable":true,"href":"https:\/\/primicias2262.com\/noticias\/wp-json\/wp\/v2\/tags?post=92726"}],"curies":[{"name":"wp","href":"https:\/\/api.w.org\/{rel}","templated":true}]}}