{"id":92730,"date":"2022-08-19T08:47:18","date_gmt":"2022-08-19T11:47:18","guid":{"rendered":"https:\/\/primicias2262.com\/?p=92730"},"modified":"2022-08-19T08:47:18","modified_gmt":"2022-08-19T11:47:18","slug":"el-inaes-entrego-matriculas-cooperativas-en-necochea-y-la-zona","status":"publish","type":"post","link":"https:\/\/primicias2262.com\/noticias\/el-inaes-entrego-matriculas-cooperativas-en-necochea-y-la-zona\/","title":{"rendered":"El INAES entreg\u00f3 matr\u00edculas cooperativas en Necochea y la zona"},"content":{"rendered":"<div dir=\"auto\">\n<p><strong>Durante esta semana se llev\u00f3 a cabo en la sede de la Cooperativa de Cr\u00e9dito, en Av. 42 2845, una capacitaci\u00f3n de primeros pasos cooperativos a cargo de Erica Pereyra, donde estuvieron presentes 10 cooperativas recientemente conformadas del distrito de Necochea, con posterior entrega de matr\u00edculas.\u00a0<\/strong><\/p>\n<p>Acto seguido al espacio de capacitaci\u00f3n, la directora nacional de Cumplimiento y Fiscalizaci\u00f3n, Milagros Moya, junto a Estefan\u00eda De Dios, coordinadora de Fiscalizaci\u00f3n; el delegado Territorial del INAES de la 5ta secci\u00f3n, Diego Britos; y Luciano Lescano, integrante del Centro de Econom\u00eda Popular, realizaron el otorgamiento formal de matr\u00edculas y entrega gratuita de los libros obligatorios.<\/p>\n<p><a href=\"https:\/\/primicias2262.com\/wp-content\/uploads\/2022\/08\/foto-capacitac-inaes.jpg\"><img loading=\"lazy\" decoding=\"async\" class=\"aligncenter size-large wp-image-92731\" src=\"https:\/\/primicias2262.com\/wp-content\/uploads\/2022\/08\/foto-capacitac-inaes-1024x682.jpg\" alt=\"\" width=\"696\" height=\"464\" \/><\/a><\/p>\n<p>Milagros Moya explic\u00f3 que desde el \u201cInaes venimos propiciando la constituci\u00f3n de entidades, por eso hab\u00eda una necesidad territorial muy grande de lograr y obtener la matr\u00edcula, nosotros iniciamos un proceso de digitalizaci\u00f3n, desburocratizaci\u00f3n del Estado para obtener y garantizar el derecho de matricularse de cientos de cooperativistas en todo el pa\u00eds, por eso el trabajo de Diego Britos se ve reflejado en lo que fue la actividad de hoy\u201d.<\/p>\n<\/div>\n<div dir=\"auto\">\n<p>Estuvieron presentes tambi\u00e9n las secretaria de UTEP-EVITA, Patricia Aranda y Luciano Cardoni, Delegado de la Defensor\u00eda del Pueblo de la Provincia de Buenos Aires.<\/p>\n<\/div>\n","protected":false},"excerpt":{"rendered":"<p>Durante esta semana se llev\u00f3 a cabo en la sede de la Cooperativa de Cr\u00e9dito, en Av. 42 2845, una capacitaci\u00f3n de primeros pasos cooperativos a cargo de Erica Pereyra, donde estuvieron presentes 10 cooperativas recientemente conformadas del distrito de Necochea, con posterior entrega de matr\u00edculas.\u00a0 Acto seguido al espacio de capacitaci\u00f3n, la directora nacional [&hellip;]<\/p>\n","protected":false},"author":3,"featured_media":92732,"comment_status":"closed","ping_status":"closed","sticky":false,"template":"","format":"standard","meta":{"footnotes":""},"categories":[3],"tags":[],"class_list":["post-92730","post","type-post","status-publish","format-standard","has-post-thumbnail","category-masnoticias"],"_links":{"self":[{"href":"https:\/\/primicias2262.com\/noticias\/wp-json\/wp\/v2\/posts\/92730","targetHints":{"allow":["GET"]}}],"collection":[{"href":"https:\/\/primicias2262.com\/noticias\/wp-json\/wp\/v2\/posts"}],"about":[{"href":"https:\/\/primicias2262.com\/noticias\/wp-json\/wp\/v2\/types\/post"}],"author":[{"embeddable":true,"href":"https:\/\/primicias2262.com\/noticias\/wp-json\/wp\/v2\/users\/3"}],"replies":[{"embeddable":true,"href":"https:\/\/primicias2262.com\/noticias\/wp-json\/wp\/v2\/comments?post=92730"}],"version-history":[{"count":0,"href":"https:\/\/primicias2262.com\/noticias\/wp-json\/wp\/v2\/posts\/92730\/revisions"}],"wp:attachment":[{"href":"https:\/\/primicias2262.com\/noticias\/wp-json\/wp\/v2\/media?parent=92730"}],"wp:term":[{"taxonomy":"category","embeddable":true,"href":"https:\/\/primicias2262.com\/noticias\/wp-json\/wp\/v2\/categories?post=92730"},{"taxonomy":"post_tag","embeddable":true,"href":"https:\/\/primicias2262.com\/noticias\/wp-json\/wp\/v2\/tags?post=92730"}],"curies":[{"name":"wp","href":"https:\/\/api.w.org\/{rel}","templated":true}]}}