{"id":92734,"date":"2022-08-19T07:56:09","date_gmt":"2022-08-19T10:56:09","guid":{"rendered":"https:\/\/primicias2262.com\/?p=92734"},"modified":"2022-08-19T07:56:09","modified_gmt":"2022-08-19T10:56:09","slug":"nuevo-ciclo-de-capacitacion-para-trabajadores-de-la-economia-popular-en-el-centro-cultural","status":"publish","type":"post","link":"https:\/\/primicias2262.com\/noticias\/nuevo-ciclo-de-capacitacion-para-trabajadores-de-la-economia-popular-en-el-centro-cultural\/","title":{"rendered":"Nuevo ciclo de capacitaci\u00f3n para trabajadores de la econom\u00eda popular en el Centro Cultural"},"content":{"rendered":"<p><strong>La semana anterior marc\u00f3 el inicio del segundo ciclo de formaci\u00f3n y capacitaciones orientadas a trabajadoras y trabajadores de la econom\u00eda popular, en el marco del programa Potenciar Trabajo, y con eje de encuentro en el Centro Cultural de calle 54 entre 61 y 63.<\/strong><\/p>\n<p>La apertura de las comisiones estuvo a cargo de Luciano Lescano (Movimiento Evita) y Patricia Aranda (UTEP Evita), y corresponden a un convenio celebrado entre ambas instituciones. En este marco, se dict\u00f3 en 2021 la Diplomatura en Trabajo Sociocomunitario dependiente de la Universidad de La Matanza.<\/p>\n<p>En esta ocasi\u00f3n se capacitar\u00e1 a promotoras y promotores sociocomunitarios que en pandemia estuvieron realizando un trabajo importante de prevenci\u00f3n, concientizaci\u00f3n y relevamientos de datos para el Programa &#8216;El Barrio Cuida Al Barrio&#8217;.<\/p>\n<p><a href=\"https:\/\/primicias2262.com\/wp-content\/uploads\/2022\/08\/capacitacion-economia-popular2.jpg\"><img loading=\"lazy\" decoding=\"async\" class=\"aligncenter size-large wp-image-92736\" src=\"https:\/\/primicias2262.com\/wp-content\/uploads\/2022\/08\/capacitacion-economia-popular2-1024x768.jpg\" alt=\"\" width=\"696\" height=\"522\" \/><\/a><\/p>\n<p>El dictado de las comisiones est\u00e1 a cargo de\u00a0\u00a0Carolina Milea y Romina Duarte en Educaci\u00f3n Popular; Violeta P\u00e9rez Rosso y Tabata Bellizzi en Pol\u00edticas de G\u00e9nero; y Carola Su\u00e1rez en Salud y Atenci\u00f3n Primaria.<\/p>\n<p>\u00abEstamos convencidos de que la mejor manera de aportar a una sociedad m\u00e1s justa e igualitaria es a trav\u00e9s de la educaci\u00f3n y el trabajo\u00bb, resaltaron desde UTEP y el Movimiento Evita.<\/p>\n","protected":false},"excerpt":{"rendered":"<p>La semana anterior marc\u00f3 el inicio del segundo ciclo de formaci\u00f3n y capacitaciones orientadas a trabajadoras y trabajadores de la econom\u00eda popular, en el marco del programa Potenciar Trabajo, y con eje de encuentro en el Centro Cultural de calle 54 entre 61 y 63. La apertura de las comisiones estuvo a cargo de Luciano [&hellip;]<\/p>\n","protected":false},"author":3,"featured_media":92735,"comment_status":"closed","ping_status":"closed","sticky":false,"template":"","format":"standard","meta":{"footnotes":""},"categories":[3],"tags":[],"class_list":["post-92734","post","type-post","status-publish","format-standard","has-post-thumbnail","category-masnoticias"],"_links":{"self":[{"href":"https:\/\/primicias2262.com\/noticias\/wp-json\/wp\/v2\/posts\/92734","targetHints":{"allow":["GET"]}}],"collection":[{"href":"https:\/\/primicias2262.com\/noticias\/wp-json\/wp\/v2\/posts"}],"about":[{"href":"https:\/\/primicias2262.com\/noticias\/wp-json\/wp\/v2\/types\/post"}],"author":[{"embeddable":true,"href":"https:\/\/primicias2262.com\/noticias\/wp-json\/wp\/v2\/users\/3"}],"replies":[{"embeddable":true,"href":"https:\/\/primicias2262.com\/noticias\/wp-json\/wp\/v2\/comments?post=92734"}],"version-history":[{"count":0,"href":"https:\/\/primicias2262.com\/noticias\/wp-json\/wp\/v2\/posts\/92734\/revisions"}],"wp:attachment":[{"href":"https:\/\/primicias2262.com\/noticias\/wp-json\/wp\/v2\/media?parent=92734"}],"wp:term":[{"taxonomy":"category","embeddable":true,"href":"https:\/\/primicias2262.com\/noticias\/wp-json\/wp\/v2\/categories?post=92734"},{"taxonomy":"post_tag","embeddable":true,"href":"https:\/\/primicias2262.com\/noticias\/wp-json\/wp\/v2\/tags?post=92734"}],"curies":[{"name":"wp","href":"https:\/\/api.w.org\/{rel}","templated":true}]}}