{"id":92753,"date":"2022-08-19T11:57:35","date_gmt":"2022-08-19T14:57:35","guid":{"rendered":"https:\/\/primicias2262.com\/?p=92753"},"modified":"2022-08-19T11:57:35","modified_gmt":"2022-08-19T14:57:35","slug":"rojas-evito-polemizar-con-facundo-lopez-la-energia-mia-esta-puesta-en-gobernar","status":"publish","type":"post","link":"https:\/\/primicias2262.com\/noticias\/rojas-evito-polemizar-con-facundo-lopez-la-energia-mia-esta-puesta-en-gobernar\/","title":{"rendered":"Rojas evit\u00f3 polemizar con Facundo L\u00f3pez: \u201cLa energ\u00eda m\u00eda est\u00e1 puesta en gobernar\u201d"},"content":{"rendered":"<p>Le\u00ed lo que dijo Facundo (en relaci\u00f3n al exintendente L\u00f3pez) y le resto importancia, no quiero darle mayor magnitud al tema, \u00e9l sabr\u00e1 lo que dice, pero la energ\u00eda m\u00eda est\u00e1 puesta en gobernar, estoy todos los d\u00edas en la calle en contacto con los vecinos, estamos haciendo una obra en cada barrio y tenemos muchas cosas proyectadas\u201d.<\/p>\n<p>Con esas palabras en \u201cVoces de la Ciudad\u201d y ante la consulta del periodista Jorge G\u00f3mez, el intendente Arturo Rojas se despoj\u00f3 de entrar en pol\u00e9micas con su antecesor en la funci\u00f3n de jefe comunal, quien d\u00edas atr\u00e1s se\u00f1al\u00f3 que hay gente que le pide que vuelva a ser intendente y marc\u00f3 a su entender cu\u00e1les son las falencias de la actual gesti\u00f3n de Nueva Necochea con Rojas a la cabeza.<\/p>\n<p>Por ello, el Intendente actual puso el foco en enumerar obras de su gesti\u00f3n. \u201cEstamos actualmente con la pista de atletismo, a fondo con las m\u00e1quinas, vamos a hacer un evento inaugural hist\u00f3rico participativo para una pista tantas veces prometida y nunca cumplida, ya est\u00e1 adjudicada la obra y tiene un plazo de ejecuci\u00f3n de 8 meses, as\u00ed que ya la tendr\u00edamos para los primeros meses del a\u00f1o que viene. Va a ser muy importante para el deporte de Necochea, contar con una pista ol\u00edmpica para la escuelita de atletismo, que es una de las m\u00e1s grandes que tenemos en el municipio es muy importante\u201d.<\/p>\n<p>\u201cSon tantas las cosas que venimos haciendo y que nos restan por hacer que no tengo que detenerme ni un minuto en cosas que no son trascendentes\u201d, y al toque record\u00f3 su pol\u00edtica en finanzas municipales.<\/p>\n<p>\u201cLograr una administraci\u00f3n responsable y transparente, y ordenar las cuentas municipales ha sido una de nuestros ejes desde el inicio de la gesti\u00f3n, sin orden econ\u00f3mico en el municipio es imposible brindar servicios\u2026 y ni hablar de hacer una obra con recursos propios, este ha sido el punto flojo de muchos gobiernos municipales, que no han entendido que esto es como una empresa o una casa, donde uno no puede estar gastando permanentemente m\u00e1s de lo que ingresa\u201d.<\/p>\n<p>Ampli\u00f3 al respecto que \u201cla Municipalidad ven\u00eda siendo deficitaria desde 1974 hasta 2020, donde logramos poner un freno y tener un super\u00e1vit, con la idea de continuar por el mismo camino, si bien hay variables macroecon\u00f3micas que nos exceden como administraci\u00f3n municipal\u201d, y a\u00f1adi\u00f3 que \u00abuna empresa puede ir remarcando sus productos mes a mes, pero la Municipalidad da la discusi\u00f3n de tasas solo una vez al a\u00f1o, y nadie preve\u00eda esta inflaci\u00f3n\u201d.<\/p>\n<p>\u201cNo se puede venir y administrar el municipio de cualquier manera porque eso repercute a la corta y a la larga en la prestaci\u00f3n de servicios. El incremento indiscriminado que hemos sufrido de empleados a lo largo de muchos a\u00f1os con gobiernos de todos los colores pol\u00edticos a m\u00ed tambi\u00e9n me signific\u00f3 un costo pol\u00edtico al inicio: nosotros no vamos a incrementar m\u00e1s la plantilla pol\u00edtica aunque tengamos que prestar m\u00e1s servicios, y venimos cumpliendo\u201d, concluy\u00f3.<\/p>\n","protected":false},"excerpt":{"rendered":"<p>Le\u00ed lo que dijo Facundo (en relaci\u00f3n al exintendente L\u00f3pez) y le resto importancia, no quiero darle mayor magnitud al tema, \u00e9l sabr\u00e1 lo que dice, pero la energ\u00eda m\u00eda est\u00e1 puesta en gobernar, estoy todos los d\u00edas en la calle en contacto con los vecinos, estamos haciendo una obra en cada barrio y tenemos [&hellip;]<\/p>\n","protected":false},"author":3,"featured_media":92661,"comment_status":"closed","ping_status":"closed","sticky":false,"template":"","format":"standard","meta":{"footnotes":""},"categories":[3],"tags":[],"class_list":["post-92753","post","type-post","status-publish","format-standard","has-post-thumbnail","category-masnoticias"],"_links":{"self":[{"href":"https:\/\/primicias2262.com\/noticias\/wp-json\/wp\/v2\/posts\/92753","targetHints":{"allow":["GET"]}}],"collection":[{"href":"https:\/\/primicias2262.com\/noticias\/wp-json\/wp\/v2\/posts"}],"about":[{"href":"https:\/\/primicias2262.com\/noticias\/wp-json\/wp\/v2\/types\/post"}],"author":[{"embeddable":true,"href":"https:\/\/primicias2262.com\/noticias\/wp-json\/wp\/v2\/users\/3"}],"replies":[{"embeddable":true,"href":"https:\/\/primicias2262.com\/noticias\/wp-json\/wp\/v2\/comments?post=92753"}],"version-history":[{"count":0,"href":"https:\/\/primicias2262.com\/noticias\/wp-json\/wp\/v2\/posts\/92753\/revisions"}],"wp:attachment":[{"href":"https:\/\/primicias2262.com\/noticias\/wp-json\/wp\/v2\/media?parent=92753"}],"wp:term":[{"taxonomy":"category","embeddable":true,"href":"https:\/\/primicias2262.com\/noticias\/wp-json\/wp\/v2\/categories?post=92753"},{"taxonomy":"post_tag","embeddable":true,"href":"https:\/\/primicias2262.com\/noticias\/wp-json\/wp\/v2\/tags?post=92753"}],"curies":[{"name":"wp","href":"https:\/\/api.w.org\/{rel}","templated":true}]}}