{"id":92755,"date":"2022-08-19T12:19:36","date_gmt":"2022-08-19T15:19:36","guid":{"rendered":"https:\/\/primicias2262.com\/?p=92755"},"modified":"2022-08-19T12:19:36","modified_gmt":"2022-08-19T15:19:36","slug":"el-sindicato-de-trabajadores-municipales-festejara-este-sabado-el-dia-del-nino","status":"publish","type":"post","link":"https:\/\/primicias2262.com\/noticias\/el-sindicato-de-trabajadores-municipales-festejara-este-sabado-el-dia-del-nino\/","title":{"rendered":"El Sindicato de Trabajadores Municipales festejar\u00e1 este s\u00e1bado el D\u00eda del Ni\u00f1o"},"content":{"rendered":"<p>Este s\u00e1bado 20 de agosto el Sindicato de Trabajadores Municipales realizar\u00e1 un festejo del D\u00eda del Ni\u00f1o, y uno de sus integrantes, Gast\u00f3n D\u00edaz, anticip\u00f3 detalles de la jornada en di\u00e1logo telef\u00f3nico con el periodista Jorge G\u00f3mez en \u201cVoces de la Ciudad\u201d.<\/p>\n<p>\u201cEl a\u00f1o pasado no pudimos hacerlo producto de la pandemia, pero este a\u00f1o hemos podido retomar la cl\u00e1sica fiesta del D\u00eda del Ni\u00f1o que realizamos siempre en el Barrio Municipal, por la cantidad de compa\u00f1eros que all\u00ed habitan, as\u00ed que este s\u00e1bado festejaremos all\u00ed en la placita de calle 84 entre 75 bis y 79 a partir de las 14\u201d, inform\u00f3 el gremialista.<\/p>\n<p>Acot\u00f3 que habr\u00e1 juegos inflables, actividades recreativas y la cl\u00e1sica chocolatada, adem\u00e1s de maquillaje art\u00edstico y m\u00fasica DJ, apuntando a la diversi\u00f3n de todos.<\/p>\n<p>\u201cLa verdad es que llena, siempre hemos tenido \u00e9xito en cada fiesta que hemos podido hacer, as\u00ed que como cada a\u00f1o esperamos que pueda asistir cada familia para la cl\u00e1sica fiesta del D\u00eda del Ni\u00f1o\u201d, culmin\u00f3 D\u00edaz.<\/p>\n","protected":false},"excerpt":{"rendered":"<p>Este s\u00e1bado 20 de agosto el Sindicato de Trabajadores Municipales realizar\u00e1 un festejo del D\u00eda del Ni\u00f1o, y uno de sus integrantes, Gast\u00f3n D\u00edaz, anticip\u00f3 detalles de la jornada en di\u00e1logo telef\u00f3nico con el periodista Jorge G\u00f3mez en \u201cVoces de la Ciudad\u201d. \u201cEl a\u00f1o pasado no pudimos hacerlo producto de la pandemia, pero este a\u00f1o [&hellip;]<\/p>\n","protected":false},"author":3,"featured_media":92756,"comment_status":"closed","ping_status":"closed","sticky":false,"template":"","format":"standard","meta":{"footnotes":""},"categories":[3],"tags":[],"class_list":["post-92755","post","type-post","status-publish","format-standard","has-post-thumbnail","category-masnoticias"],"_links":{"self":[{"href":"https:\/\/primicias2262.com\/noticias\/wp-json\/wp\/v2\/posts\/92755","targetHints":{"allow":["GET"]}}],"collection":[{"href":"https:\/\/primicias2262.com\/noticias\/wp-json\/wp\/v2\/posts"}],"about":[{"href":"https:\/\/primicias2262.com\/noticias\/wp-json\/wp\/v2\/types\/post"}],"author":[{"embeddable":true,"href":"https:\/\/primicias2262.com\/noticias\/wp-json\/wp\/v2\/users\/3"}],"replies":[{"embeddable":true,"href":"https:\/\/primicias2262.com\/noticias\/wp-json\/wp\/v2\/comments?post=92755"}],"version-history":[{"count":0,"href":"https:\/\/primicias2262.com\/noticias\/wp-json\/wp\/v2\/posts\/92755\/revisions"}],"wp:attachment":[{"href":"https:\/\/primicias2262.com\/noticias\/wp-json\/wp\/v2\/media?parent=92755"}],"wp:term":[{"taxonomy":"category","embeddable":true,"href":"https:\/\/primicias2262.com\/noticias\/wp-json\/wp\/v2\/categories?post=92755"},{"taxonomy":"post_tag","embeddable":true,"href":"https:\/\/primicias2262.com\/noticias\/wp-json\/wp\/v2\/tags?post=92755"}],"curies":[{"name":"wp","href":"https:\/\/api.w.org\/{rel}","templated":true}]}}