{"id":92770,"date":"2022-08-20T14:58:58","date_gmt":"2022-08-20T17:58:58","guid":{"rendered":"https:\/\/primicias2262.com\/?p=92770"},"modified":"2022-08-20T14:58:58","modified_gmt":"2022-08-20T17:58:58","slug":"soledad-moreno-fue-una-gran-alegria-cuando-recibimos-la-resolucion-de-las-jornadas-completas","status":"publish","type":"post","link":"https:\/\/primicias2262.com\/noticias\/soledad-moreno-fue-una-gran-alegria-cuando-recibimos-la-resolucion-de-las-jornadas-completas\/","title":{"rendered":"Soledad Moreno: \u201cFue una gran alegr\u00eda cuando recibimos la resoluci\u00f3n de las jornadas completas\u201d"},"content":{"rendered":"<p>La jefa distrital de Educaci\u00f3n, Soledad Moreno, expres\u00f3 en \u201cVoces de la Ciudad\u201d con tono feliz la amplitud de las jornadas educativas para las escuelas Primarias N\u00ba 6 y N\u00ba 48 de Necochea, puntualmente con Espacios de Profundizaci\u00f3n de Aprendizaje en Arte, anuncio que se realiz\u00f3 oficialmente a la comunidad educativa durante el acto en homenaje al General San Mart\u00edn el pasado 17 de agosto.<\/p>\n<p><a href=\"https:\/\/primicias2262.com\/wp-content\/uploads\/2022\/08\/WhatsApp-Image-2022-08-19-at-1.30.29-PM.jpeg\"><img loading=\"lazy\" decoding=\"async\" class=\"alignright size-medium wp-image-92772\" src=\"https:\/\/primicias2262.com\/wp-content\/uploads\/2022\/08\/WhatsApp-Image-2022-08-19-at-1.30.29-PM-300x225.jpeg\" alt=\"\" width=\"300\" height=\"225\" \/><\/a>En di\u00e1logo con el periodista Jorge G\u00f3mez, expres\u00f3 que \u201cfue una gran alegr\u00eda cuando recibimos el okey el viernes anterior con la resoluci\u00f3n y el martes hicimos oficial en las escuelas esta gran noticia\u201d.<\/p>\n<p>Enseguida, explic\u00f3 en detalle de qu\u00e9 se trata el pase de jornada simple a jornada completa de estas dos escuelas p\u00fablicas del distrito: \u201cSignifica m\u00e1s escuela, m\u00e1s ense\u00f1anza y aprendizaje. En el caso de estas dos escuelas ser\u00eda m\u00e1s ense\u00f1anza en relaci\u00f3n al arte e implica 8 diarias de escolaridad, tanto para la escuelas N\u00ba 6 como para la N\u00ba 48&#8243;.<\/p>\n<p>\u00abEs m\u00e1s tiempo dedicado a la ense\u00f1anza, en este caso en ambas escuelas la propuesta de profundizaci\u00f3n tiene que ver con el arte puntualmente, en relaci\u00f3n a la Danza, M\u00fasica, la Pl\u00e1stica y el Teatro, pero a su vez fortaleciendo el \u00e1rea de Matem\u00e1ticas, pr\u00e1cticas del Lenguaje y las Ciencias\u201d, destac\u00f3.<\/p>\n<p>La jefa distrital revel\u00f3 que \u201cfueron propuestas pensadas y construidas en cada una de estas instituciones y visibilizadas en la Provincia, que toma en \u00faltima instancia la decisi\u00f3n a trav\u00e9s de la Direcci\u00f3n General de Cultura y Educaci\u00f3n y la Direcci\u00f3n del nivel Primario, lo cual se pondr\u00e1 en marcha en breve\u201d.<\/p>\n<p>Sin dudas, \u201ces un gran momento para estas comunidades educativas, pero conlleva un trabajo responsable de cuidado de los supervisores y organismos para hacer el pasaje de jornada simple a completa, lo que no se hace de un d\u00eda para otro\u201d, remarc\u00f3 Moreno.<\/p>\n<p>Para luego reflexionar que \u201cla idea de la educaci\u00f3n primaria tiene que ver con esto de generar m\u00e1s tiempo de escuela, ense\u00f1anza y aprendizaje, por eso es un gran desaf\u00edo para las instituciones pensar su oferta y proyecto institucional en relaci\u00f3n a esto que se plantea y que se pueda dar respuesta con sentido a una jornada completa, realmente esto implica mucho trabajo y planificaci\u00f3n de los docentes\u201d.<\/p>\n<p>Finalmente, destac\u00f3 que \u201cya tenemos varias escuelas en el distrito con jornada completa desde 2015, por ejemplo la Escuela Primaria N\u00ba 18 de Ram\u00f3n Santamarina, la EP N\u00ba 35 de Barrio Puerto y la EP N\u00ba 49 de Quequ\u00e9n. Es una propuesta que se gest\u00f3 en otro momento y se han ido sumando las voces de los directivos que hoy conducen las escuelas, y esperamos seguir teniendo muy buenas noticias para el distrito\u201d.<\/p>\n","protected":false},"excerpt":{"rendered":"<p>La jefa distrital de Educaci\u00f3n, Soledad Moreno, expres\u00f3 en \u201cVoces de la Ciudad\u201d con tono feliz la amplitud de las jornadas educativas para las escuelas Primarias N\u00ba 6 y N\u00ba 48 de Necochea, puntualmente con Espacios de Profundizaci\u00f3n de Aprendizaje en Arte, anuncio que se realiz\u00f3 oficialmente a la comunidad educativa durante el acto en [&hellip;]<\/p>\n","protected":false},"author":3,"featured_media":92771,"comment_status":"closed","ping_status":"closed","sticky":false,"template":"","format":"standard","meta":{"footnotes":""},"categories":[3],"tags":[],"class_list":["post-92770","post","type-post","status-publish","format-standard","has-post-thumbnail","category-masnoticias"],"_links":{"self":[{"href":"https:\/\/primicias2262.com\/noticias\/wp-json\/wp\/v2\/posts\/92770","targetHints":{"allow":["GET"]}}],"collection":[{"href":"https:\/\/primicias2262.com\/noticias\/wp-json\/wp\/v2\/posts"}],"about":[{"href":"https:\/\/primicias2262.com\/noticias\/wp-json\/wp\/v2\/types\/post"}],"author":[{"embeddable":true,"href":"https:\/\/primicias2262.com\/noticias\/wp-json\/wp\/v2\/users\/3"}],"replies":[{"embeddable":true,"href":"https:\/\/primicias2262.com\/noticias\/wp-json\/wp\/v2\/comments?post=92770"}],"version-history":[{"count":0,"href":"https:\/\/primicias2262.com\/noticias\/wp-json\/wp\/v2\/posts\/92770\/revisions"}],"wp:attachment":[{"href":"https:\/\/primicias2262.com\/noticias\/wp-json\/wp\/v2\/media?parent=92770"}],"wp:term":[{"taxonomy":"category","embeddable":true,"href":"https:\/\/primicias2262.com\/noticias\/wp-json\/wp\/v2\/categories?post=92770"},{"taxonomy":"post_tag","embeddable":true,"href":"https:\/\/primicias2262.com\/noticias\/wp-json\/wp\/v2\/tags?post=92770"}],"curies":[{"name":"wp","href":"https:\/\/api.w.org\/{rel}","templated":true}]}}