{"id":92774,"date":"2022-08-20T15:16:52","date_gmt":"2022-08-20T18:16:52","guid":{"rendered":"https:\/\/primicias2262.com\/?p=92774"},"modified":"2022-08-20T15:16:52","modified_gmt":"2022-08-20T18:16:52","slug":"nos-vendian-espejitos-de-colores-y-se-olvidaban-de-cosas-basicas-como-el-techo-de-turismo","status":"publish","type":"post","link":"https:\/\/primicias2262.com\/noticias\/nos-vendian-espejitos-de-colores-y-se-olvidaban-de-cosas-basicas-como-el-techo-de-turismo\/","title":{"rendered":"\u201cNos vend\u00edan espejitos de colores y se olvidaban de cosas b\u00e1sicas como el techo de Turismo\u201d"},"content":{"rendered":"<p><strong>As\u00ed lo afirm\u00f3 el secretario de Turismo y Desarrollo Productivo de la Municipalidad, Mat\u00edas Sierra, en respuesta a sectores vinculados a la gesti\u00f3n anterior que critican la actual pol\u00edtica tur\u00edstica local.<\/strong><\/p>\n<p>El funcionario visit\u00f3 los estudios de \u201cVoces de la Ciudad\u201d para charlar sobre varias actividades con el periodista Jorge G\u00f3mez, como las Olimpiadas de matem\u00e1ticas \u00d1and\u00fa o el safari en Costa Bonita este fin de semana, pero el foco principal estuvo puesto a cuenta de cr\u00edticas a la pol\u00edtica tur\u00edstica local, con cuestionamientos como por qu\u00e9 desapareci\u00f3 el Entur o por qu\u00e9 no se realiz\u00f3 el Enduropale.<\/p>\n<p>Ante ello, Sierra fue tajante al enumerar ciertas situaciones que se dieron ni bien asumieron como gesti\u00f3n. \u201cPor ejemplo, en el verano no ten\u00edamos ni bajadas p\u00fablicas en la costa, ni ba\u00f1os p\u00fablicos, la gente que caminaba por el frente costero y ten\u00eda que bajar a la calle porque hab\u00eda baldosas sueltas\u00bb.<\/p>\n<p>\u00abHoy ten\u00e9s bajadas p\u00fablicas, y eso tambi\u00e9n es pensar en el turismo; en un futuro no muy lejano vamos a tener un camino peatonal desde la punta de la escollera hasta el exmuelle de pescadores. Entonces no es solo traer un evento y listo, es tratar de que la gente cuando est\u00e9 una semana de vacaciones se vaya contenta porque est\u00e1 cambiada la ciudad\u201d, afirm\u00f3.<\/p>\n<p>A\u00f1adi\u00f3 que \u201cel intendente (Arturo Rojas) le dio de baja al Entur por la mala administraci\u00f3n que tuvo. De hecho, en este momento se est\u00e1 cambiando toda la cubierta del techo de la Secretar\u00eda de Turismo en 2 y 87. El 22 de enero de este a\u00f1o nos tuvimos que ir de all\u00ed porque se llov\u00eda adentro, hubo un cortocircuito y no pod\u00edamos atender a la gente.<\/p>\n<p>\u00abEstaba todo olvidado, nos vend\u00edan espejitos de colores con otras cuestiones y se olvidaban de cosas b\u00e1sicas. No me puedo jactar de hacer equis evento, cuando no puedo brindar informaci\u00f3n tur\u00edstica porque se me est\u00e1 cayendo el techo, esas son prioridades\u201d, remarc\u00f3.<\/p>\n<p>Lejos de bajar el tono, Sierra sum\u00f3 m\u00e1s argumentos contra las cr\u00edticas, al expresar que \u201chay cuestiones que son b\u00e1sicas, por ejemplo estamos tramitando un expediente para carteler\u00eda y se\u00f1al\u00e9tica de informaci\u00f3n tur\u00edstica que no hay, y era una de las cr\u00edticas que ten\u00edamos: la gente recorr\u00eda la ciudad y no ten\u00eda informaci\u00f3n, llega de afuera el turista en enero y febrero y se pregunta d\u00f3nde est\u00e1n las Termas del campo o el Lago de los Cisnes\u201d.<\/p>\n<p>Ante ello, concluy\u00f3 que \u201ctodo tiene una intencionalidad pol\u00edtica indudablemente\u201d, y remat\u00f3: \u201cDurante muchos a\u00f1os hab\u00eda una oficina en 87 y 2 con grifer\u00edas de oro, pero a 30 cuadras, en la 56 el techo se llov\u00eda (en referencia al municipio), y eso no puede pasar ni en la parte p\u00fablica, ni en la privada, ni en la casa de nadie, y esta gesti\u00f3n se ha caracterizado por ordenar los n\u00fameros y en base a eso hoy por lo menos podemos tener prioridades\u201d.<\/p>\n","protected":false},"excerpt":{"rendered":"<p>As\u00ed lo afirm\u00f3 el secretario de Turismo y Desarrollo Productivo de la Municipalidad, Mat\u00edas Sierra, en respuesta a sectores vinculados a la gesti\u00f3n anterior que critican la actual pol\u00edtica tur\u00edstica local. El funcionario visit\u00f3 los estudios de \u201cVoces de la Ciudad\u201d para charlar sobre varias actividades con el periodista Jorge G\u00f3mez, como las Olimpiadas de [&hellip;]<\/p>\n","protected":false},"author":3,"featured_media":92775,"comment_status":"closed","ping_status":"closed","sticky":false,"template":"","format":"standard","meta":{"footnotes":""},"categories":[3],"tags":[],"class_list":["post-92774","post","type-post","status-publish","format-standard","has-post-thumbnail","category-masnoticias"],"_links":{"self":[{"href":"https:\/\/primicias2262.com\/noticias\/wp-json\/wp\/v2\/posts\/92774","targetHints":{"allow":["GET"]}}],"collection":[{"href":"https:\/\/primicias2262.com\/noticias\/wp-json\/wp\/v2\/posts"}],"about":[{"href":"https:\/\/primicias2262.com\/noticias\/wp-json\/wp\/v2\/types\/post"}],"author":[{"embeddable":true,"href":"https:\/\/primicias2262.com\/noticias\/wp-json\/wp\/v2\/users\/3"}],"replies":[{"embeddable":true,"href":"https:\/\/primicias2262.com\/noticias\/wp-json\/wp\/v2\/comments?post=92774"}],"version-history":[{"count":0,"href":"https:\/\/primicias2262.com\/noticias\/wp-json\/wp\/v2\/posts\/92774\/revisions"}],"wp:attachment":[{"href":"https:\/\/primicias2262.com\/noticias\/wp-json\/wp\/v2\/media?parent=92774"}],"wp:term":[{"taxonomy":"category","embeddable":true,"href":"https:\/\/primicias2262.com\/noticias\/wp-json\/wp\/v2\/categories?post=92774"},{"taxonomy":"post_tag","embeddable":true,"href":"https:\/\/primicias2262.com\/noticias\/wp-json\/wp\/v2\/tags?post=92774"}],"curies":[{"name":"wp","href":"https:\/\/api.w.org\/{rel}","templated":true}]}}