{"id":92777,"date":"2022-08-20T15:32:19","date_gmt":"2022-08-20T18:32:19","guid":{"rendered":"https:\/\/primicias2262.com\/?p=92777"},"modified":"2022-08-20T15:32:19","modified_gmt":"2022-08-20T18:32:19","slug":"el-proximo-jueves-se-inaugurara-la-feria-del-libro-y-autores-rema-que-rema","status":"publish","type":"post","link":"https:\/\/primicias2262.com\/noticias\/el-proximo-jueves-se-inaugurara-la-feria-del-libro-y-autores-rema-que-rema\/","title":{"rendered":"El pr\u00f3ximo jueves se inaugurar\u00e1 la Feria del Libro y Autores \u00abRema que Rema\u00bb"},"content":{"rendered":"<p>La IV edici\u00f3n de la Feria del Libro y Autores \u201cRema que Rema\u201d quedar\u00e1 inaugurada el pr\u00f3ximo jueves 25 de agosto a las 19:00 horas, y se extender\u00e1 por dos d\u00edas con <strong>entrada libre y gratuita<\/strong>.<\/p>\n<p>Para el cierre \u2013el s\u00e1bado 27- est\u00e1 previsto la presentaci\u00f3n de la escritora marplatense Gabriela Exilart.<\/p>\n<p>Cabe recordar que la Feria del Libro y Autores \u201cRema que Rema\u201d es organizada por el Centro Cultural Necochea Biblioteca Andr\u00e9s Ferreyra (CCN\/BPAF) con el apoyo del Ministerio de Cultura de la Naci\u00f3n. Se caracteriza por la presentaci\u00f3n de las publicaciones de editoriales autogestivas provenientes de distintas partes del pa\u00eds.<\/p>\n<p>Habr\u00e1 presentaciones de libros, talleres y una serie de actividades y propuestas culturales.<\/p>\n<p>La primera edici\u00f3n de la Feria se realiz\u00f3 en el a\u00f1o 2016 y reuni\u00f3 a m\u00e1s de 30 editoriales independientes de todo el pa\u00eds en un evento sin precedentes en Necochea.<\/p>\n<p>Volvi\u00f3 a repetirse en el a\u00f1o 2017 buscando establecerse como un espacio recurrente de la ciudad y la regi\u00f3n. Se retom\u00f3 el a\u00f1o pasado con m\u00e1s de 20 editoriales con fuerte presencia de emprendimientos de la regi\u00f3n como Bah\u00eda Blanca y Mar del Plata, y CABA.<\/p>\n<p>&nbsp;<\/p>\n<p><strong>Horarios <\/strong><\/p>\n<p>El <strong>acto de inauguraci\u00f3n <\/strong>ser\u00e1 el <strong>jueves a las 19:00 horas<\/strong>.<\/p>\n<p>Los d\u00edas <strong>viernes y s\u00e1bado <\/strong>se podr\u00e1n visitar los stands en el horario de <strong>15:00 a 21:00 <\/strong>horas.<\/p>\n<p>La presentaci\u00f3n de <strong>Gabriela Exilart <\/strong>se realizar\u00e1 el <strong>s\u00e1bado 27 a las 17:00 horas<\/strong>, momento en que se llevar\u00e1 a cabo una entrevista abierta a la reconocida escritora.<\/p>\n<p><strong>La entrada a todas las actividades es libre y gratuita<\/strong>.<\/p>\n","protected":false},"excerpt":{"rendered":"<p>La IV edici\u00f3n de la Feria del Libro y Autores \u201cRema que Rema\u201d quedar\u00e1 inaugurada el pr\u00f3ximo jueves 25 de agosto a las 19:00 horas, y se extender\u00e1 por dos d\u00edas con entrada libre y gratuita. Para el cierre \u2013el s\u00e1bado 27- est\u00e1 previsto la presentaci\u00f3n de la escritora marplatense Gabriela Exilart. Cabe recordar que [&hellip;]<\/p>\n","protected":false},"author":3,"featured_media":92778,"comment_status":"closed","ping_status":"closed","sticky":false,"template":"","format":"standard","meta":{"footnotes":""},"categories":[3],"tags":[],"class_list":["post-92777","post","type-post","status-publish","format-standard","has-post-thumbnail","category-masnoticias"],"_links":{"self":[{"href":"https:\/\/primicias2262.com\/noticias\/wp-json\/wp\/v2\/posts\/92777","targetHints":{"allow":["GET"]}}],"collection":[{"href":"https:\/\/primicias2262.com\/noticias\/wp-json\/wp\/v2\/posts"}],"about":[{"href":"https:\/\/primicias2262.com\/noticias\/wp-json\/wp\/v2\/types\/post"}],"author":[{"embeddable":true,"href":"https:\/\/primicias2262.com\/noticias\/wp-json\/wp\/v2\/users\/3"}],"replies":[{"embeddable":true,"href":"https:\/\/primicias2262.com\/noticias\/wp-json\/wp\/v2\/comments?post=92777"}],"version-history":[{"count":0,"href":"https:\/\/primicias2262.com\/noticias\/wp-json\/wp\/v2\/posts\/92777\/revisions"}],"wp:attachment":[{"href":"https:\/\/primicias2262.com\/noticias\/wp-json\/wp\/v2\/media?parent=92777"}],"wp:term":[{"taxonomy":"category","embeddable":true,"href":"https:\/\/primicias2262.com\/noticias\/wp-json\/wp\/v2\/categories?post=92777"},{"taxonomy":"post_tag","embeddable":true,"href":"https:\/\/primicias2262.com\/noticias\/wp-json\/wp\/v2\/tags?post=92777"}],"curies":[{"name":"wp","href":"https:\/\/api.w.org\/{rel}","templated":true}]}}