{"id":92780,"date":"2022-08-20T15:36:40","date_gmt":"2022-08-20T18:36:40","guid":{"rendered":"https:\/\/primicias2262.com\/?p=92780"},"modified":"2022-08-20T15:36:40","modified_gmt":"2022-08-20T18:36:40","slug":"renovaron-toda-la-iluminacion-de-la-terminal-de-omnibus","status":"publish","type":"post","link":"https:\/\/primicias2262.com\/noticias\/renovaron-toda-la-iluminacion-de-la-terminal-de-omnibus\/","title":{"rendered":"Renovaron toda la iluminaci\u00f3n de la Terminal de Omnibus"},"content":{"rendered":"<p>A la par de gestiones en el Ministerio de Transporte nacional para su remodelaci\u00f3n integral, para cuya ejecuci\u00f3n el Ejecutivo ya ha presentado hace alg\u00fan tiempo el proyecto definitivo solicitado por la cartera, cuadrillas dependientes de la Secretar\u00eda de Planeamiento, Obras y Servicios P\u00fablicos duplican las tareas para poner en valor el viejo edificio de la Terminal de \u00d3mnibus.<\/p>\n<p>Hace algunos d\u00edas, la propia Terminal y los sectores aleda\u00f1os fueron iluminados con la nueva tecnolog\u00eda Led para brindar seguridad, tanto vial como ciudadana, a toda la zona. Ese operativo incluy\u00f3 la instalaci\u00f3n de 23 artefactos Zimba Pro de Bael, con una potencia de 250w, que equivalen a 34 mil l\u00famenes.<\/p>\n<div class=\"wp-block-media-text is-stacked-on-mobile is-vertically-aligned-top\">\n<div class=\"wp-block-media-text__content\">\n<p>A este esfuerzo realizado por la Municipalidad, que se ejecut\u00f3 \u00edntegramente con recursos econ\u00f3micos propios, se sumaron distintos operativos de limpieza, pintura y acondicionadito, tanto en las instalaciones internas como externas de la estructura.<\/p>\n<p>As\u00ed, los equipos de la Direcci\u00f3n de Servicios P\u00fablicos, con el apoyo circunstancial de otras \u00e1reas, realizaron reparaciones generales en las paredes que presentaban alg\u00fan tipo de da\u00f1o, para su posterior pintado en color azul. Paralelamente, se acondicionaron los techos, con el recambio de algunas chapas y la colocaci\u00f3n de fibra para evitar filtraciones, y se repararon los aleros de madera que estaban putrefactos.<\/p>\n<\/div>\n<\/div>\n<p>En tanto, todo este operativo es acompa\u00f1ado con continuas tareas de escarpido en las plazoletas circundantes y limpieza de las calles y accesos, tambi\u00e9n se arreglaron los cordones y rampas en las d\u00e1rsenas donde estacionan los \u00f3mnibus.<\/p>\n","protected":false},"excerpt":{"rendered":"<p>A la par de gestiones en el Ministerio de Transporte nacional para su remodelaci\u00f3n integral, para cuya ejecuci\u00f3n el Ejecutivo ya ha presentado hace alg\u00fan tiempo el proyecto definitivo solicitado por la cartera, cuadrillas dependientes de la Secretar\u00eda de Planeamiento, Obras y Servicios P\u00fablicos duplican las tareas para poner en valor el viejo edificio de [&hellip;]<\/p>\n","protected":false},"author":3,"featured_media":92781,"comment_status":"closed","ping_status":"closed","sticky":false,"template":"","format":"standard","meta":{"footnotes":""},"categories":[3],"tags":[],"class_list":["post-92780","post","type-post","status-publish","format-standard","has-post-thumbnail","category-masnoticias"],"_links":{"self":[{"href":"https:\/\/primicias2262.com\/noticias\/wp-json\/wp\/v2\/posts\/92780","targetHints":{"allow":["GET"]}}],"collection":[{"href":"https:\/\/primicias2262.com\/noticias\/wp-json\/wp\/v2\/posts"}],"about":[{"href":"https:\/\/primicias2262.com\/noticias\/wp-json\/wp\/v2\/types\/post"}],"author":[{"embeddable":true,"href":"https:\/\/primicias2262.com\/noticias\/wp-json\/wp\/v2\/users\/3"}],"replies":[{"embeddable":true,"href":"https:\/\/primicias2262.com\/noticias\/wp-json\/wp\/v2\/comments?post=92780"}],"version-history":[{"count":0,"href":"https:\/\/primicias2262.com\/noticias\/wp-json\/wp\/v2\/posts\/92780\/revisions"}],"wp:attachment":[{"href":"https:\/\/primicias2262.com\/noticias\/wp-json\/wp\/v2\/media?parent=92780"}],"wp:term":[{"taxonomy":"category","embeddable":true,"href":"https:\/\/primicias2262.com\/noticias\/wp-json\/wp\/v2\/categories?post=92780"},{"taxonomy":"post_tag","embeddable":true,"href":"https:\/\/primicias2262.com\/noticias\/wp-json\/wp\/v2\/tags?post=92780"}],"curies":[{"name":"wp","href":"https:\/\/api.w.org\/{rel}","templated":true}]}}