{"id":92802,"date":"2022-08-21T16:58:03","date_gmt":"2022-08-21T19:58:03","guid":{"rendered":"https:\/\/primicias2262.com\/?p=92802"},"modified":"2022-08-21T16:58:03","modified_gmt":"2022-08-21T19:58:03","slug":"convocan-a-escritores-locales-y-regionales-para-la-iv-feria-del-libro-y-autores","status":"publish","type":"post","link":"https:\/\/primicias2262.com\/noticias\/convocan-a-escritores-locales-y-regionales-para-la-iv-feria-del-libro-y-autores\/","title":{"rendered":"Convocan a escritores locales y regionales para la IV Feria del Libro y Autores"},"content":{"rendered":"<p>El Centro Cultural Necochea Biblioteca Popular Andr\u00e9s Ferreyra (CCN\/BPAF) convoca a escritores locales y regionales que hayan editado un libro entre los a\u00f1os 2020 y 2022, y quieran participar de la mesa de autores locales en la IV edici\u00f3n de la Feria del Libro y Autores \u201cRema que rema\u201d.<\/p>\n<p>Los interesados deber\u00e1n escribir al mail centroculturalnecochea@gmail o al wastsapp 2262619761.<\/p>\n<p>La Feria del Libro y Autores \u201cRema que Rema\u201d cuenta con el apoyo del Ministerio de Cultura de la Naci\u00f3n y quedar\u00e1 inaugurada el pr\u00f3ximo 25 de agosto. Se extender\u00e1 por dos d\u00edas mientras que para el cierre \u2013el s\u00e1bado 27- est\u00e1 previsto la presentaci\u00f3n de la escritora marplatense Gabriela Exilart.<\/p>\n<p>Cabe recordar que \u00e9sta Feria se caracteriza por la presentaci\u00f3n de las publicaciones de editoriales autogestivas provenientes de distintas partes del pa\u00eds, con entrada libre y gratuita.<\/p>\n","protected":false},"excerpt":{"rendered":"<p>El Centro Cultural Necochea Biblioteca Popular Andr\u00e9s Ferreyra (CCN\/BPAF) convoca a escritores locales y regionales que hayan editado un libro entre los a\u00f1os 2020 y 2022, y quieran participar de la mesa de autores locales en la IV edici\u00f3n de la Feria del Libro y Autores \u201cRema que rema\u201d. Los interesados deber\u00e1n escribir al mail [&hellip;]<\/p>\n","protected":false},"author":3,"featured_media":76697,"comment_status":"closed","ping_status":"closed","sticky":false,"template":"","format":"standard","meta":{"footnotes":""},"categories":[3],"tags":[],"class_list":["post-92802","post","type-post","status-publish","format-standard","has-post-thumbnail","category-masnoticias"],"_links":{"self":[{"href":"https:\/\/primicias2262.com\/noticias\/wp-json\/wp\/v2\/posts\/92802","targetHints":{"allow":["GET"]}}],"collection":[{"href":"https:\/\/primicias2262.com\/noticias\/wp-json\/wp\/v2\/posts"}],"about":[{"href":"https:\/\/primicias2262.com\/noticias\/wp-json\/wp\/v2\/types\/post"}],"author":[{"embeddable":true,"href":"https:\/\/primicias2262.com\/noticias\/wp-json\/wp\/v2\/users\/3"}],"replies":[{"embeddable":true,"href":"https:\/\/primicias2262.com\/noticias\/wp-json\/wp\/v2\/comments?post=92802"}],"version-history":[{"count":0,"href":"https:\/\/primicias2262.com\/noticias\/wp-json\/wp\/v2\/posts\/92802\/revisions"}],"wp:attachment":[{"href":"https:\/\/primicias2262.com\/noticias\/wp-json\/wp\/v2\/media?parent=92802"}],"wp:term":[{"taxonomy":"category","embeddable":true,"href":"https:\/\/primicias2262.com\/noticias\/wp-json\/wp\/v2\/categories?post=92802"},{"taxonomy":"post_tag","embeddable":true,"href":"https:\/\/primicias2262.com\/noticias\/wp-json\/wp\/v2\/tags?post=92802"}],"curies":[{"name":"wp","href":"https:\/\/api.w.org\/{rel}","templated":true}]}}