{"id":92807,"date":"2022-08-21T17:12:21","date_gmt":"2022-08-21T20:12:21","guid":{"rendered":"https:\/\/primicias2262.com\/?p=92807"},"modified":"2022-08-21T17:12:21","modified_gmt":"2022-08-21T20:12:21","slug":"se-pusieron-en-marcha-las-olimpiadas-interdisciplinarias-de-la-tercera-edad","status":"publish","type":"post","link":"https:\/\/primicias2262.com\/noticias\/se-pusieron-en-marcha-las-olimpiadas-interdisciplinarias-de-la-tercera-edad\/","title":{"rendered":"Se pusieron en marcha las Olimp\u00edadas Interdisciplinarias de la Tercera Edad"},"content":{"rendered":"<p>Con un muy buen respaldo de adultos mayores y familiares que le dieron su apoyo, se pusieron en marcha oficialmente, en el Teatro Municipal \u201cLuis Sandrini\u201d, las Olimpiadas Interdisciplinarias de la Tercera Edad, que con la organizaci\u00f3n de la Direcci\u00f3n de Relaciones con la Comunidad y DDHH, y bajo la denominaci\u00f3n \u201cMayor Activo\u201d, tendr\u00e1 su derrotero durante varios s\u00e1bados de ac\u00e1 hasta noviembre en diversos centros de jubilados del distrito, con juegos y entretenimientos varios.<\/p>\n<p>En la jornada vespertina de este s\u00e1bado, vale destacar, la inauguraci\u00f3n se bas\u00f3 en la presentaci\u00f3n de la obra \u201cA lo grande\u201d, que est\u00e1 protagonizada por actores y actrices de este grupo etario y dirigida por la Escuela Municipal de Arte, y que arranc\u00f3 sonrisas y aplausos por doquier.<\/p>\n<p>Pero antes de ello, el responsable del \u00e1rea organizadora, Ger\u00f3nimo Gallegos, se dirigi\u00f3 a los presentes, momento en el que manifest\u00f3 que \u201cesta es una jornada muy especial para el distrito y para el Ejecutivo porque estamos ante la continuidad de una pol\u00edtica p\u00fablica que persigue la gesti\u00f3n del intendente Arturo Rojas\u201d para recalcar que\u201d se trata de, ni m\u00e1s ni menos, que aceitar el trabajo en conjunto con las diferentes asociaciones civiles, y en este caso con los centros de jubilados\u201d.<\/p>\n<p><a href=\"https:\/\/primicias2262.com\/wp-content\/uploads\/2022\/08\/Gallegos.jpg\"><img loading=\"lazy\" decoding=\"async\" class=\"aligncenter size-large wp-image-92809\" src=\"https:\/\/primicias2262.com\/wp-content\/uploads\/2022\/08\/Gallegos-1024x682.jpg\" alt=\"\" width=\"696\" height=\"464\" \/><\/a><\/p>\n<p>\u201cSabemos de la labor diaria, el esfuerzo y el trabajo que hacen d\u00eda a d\u00eda para transformar la realidad de nuestros vecinos, y esa es una premisa que compartimos, y en ese aspecto es que trabajar en conjunto es lo mejor\u201d afirm\u00f3 el funcionario halagando la labor de cada entidad.<\/p>\n<p>Y cerr\u00f3: \u201cEstas olimpiadas, que se van a desarrollar hasta noviembre, tienen la particularidad de que se van a dar en cada uno de los centros de jubilados del distrito, donde habr\u00e1 un espacio para el divertimento, la integraci\u00f3n y la compa\u00f1\u00eda familiar\u201d.<\/p>\n<p>A su turno, y en nombre de los adultos mayores, dio palabras alusivas al acontecimiento Carlos Etcheverry, del Centro de Jubilados y Pensionados del Barrio Sur, particularmente lugar donde el s\u00e1bado 3 de septiembre se realizar\u00e1 la primera actividad con un torneo de Tejo y Sapo.<\/p>\n<p>\u201cUn centro de jubilados es un lugar donde intentamos contener a la gente de la tercera edad\u201d se\u00f1al\u00f3 al principio, para ser determinante al destacar que \u201cesto de las olimpiadas me parece algo sensacional, porque es una forma de llevar distintos juegos a los diferentes centros\u201d, manifest\u00f3.<\/p>\n","protected":false},"excerpt":{"rendered":"<p>Con un muy buen respaldo de adultos mayores y familiares que le dieron su apoyo, se pusieron en marcha oficialmente, en el Teatro Municipal \u201cLuis Sandrini\u201d, las Olimpiadas Interdisciplinarias de la Tercera Edad, que con la organizaci\u00f3n de la Direcci\u00f3n de Relaciones con la Comunidad y DDHH, y bajo la denominaci\u00f3n \u201cMayor Activo\u201d, tendr\u00e1 su [&hellip;]<\/p>\n","protected":false},"author":3,"featured_media":92808,"comment_status":"closed","ping_status":"closed","sticky":false,"template":"","format":"standard","meta":{"footnotes":""},"categories":[3],"tags":[],"class_list":["post-92807","post","type-post","status-publish","format-standard","has-post-thumbnail","category-masnoticias"],"_links":{"self":[{"href":"https:\/\/primicias2262.com\/noticias\/wp-json\/wp\/v2\/posts\/92807","targetHints":{"allow":["GET"]}}],"collection":[{"href":"https:\/\/primicias2262.com\/noticias\/wp-json\/wp\/v2\/posts"}],"about":[{"href":"https:\/\/primicias2262.com\/noticias\/wp-json\/wp\/v2\/types\/post"}],"author":[{"embeddable":true,"href":"https:\/\/primicias2262.com\/noticias\/wp-json\/wp\/v2\/users\/3"}],"replies":[{"embeddable":true,"href":"https:\/\/primicias2262.com\/noticias\/wp-json\/wp\/v2\/comments?post=92807"}],"version-history":[{"count":0,"href":"https:\/\/primicias2262.com\/noticias\/wp-json\/wp\/v2\/posts\/92807\/revisions"}],"wp:attachment":[{"href":"https:\/\/primicias2262.com\/noticias\/wp-json\/wp\/v2\/media?parent=92807"}],"wp:term":[{"taxonomy":"category","embeddable":true,"href":"https:\/\/primicias2262.com\/noticias\/wp-json\/wp\/v2\/categories?post=92807"},{"taxonomy":"post_tag","embeddable":true,"href":"https:\/\/primicias2262.com\/noticias\/wp-json\/wp\/v2\/tags?post=92807"}],"curies":[{"name":"wp","href":"https:\/\/api.w.org\/{rel}","templated":true}]}}