{"id":92811,"date":"2022-08-22T11:15:39","date_gmt":"2022-08-22T14:15:39","guid":{"rendered":"https:\/\/primicias2262.com\/?p=92811"},"modified":"2022-08-22T11:15:39","modified_gmt":"2022-08-22T14:15:39","slug":"se-realizo-una-multitudinaria-fiesta-de-la-ninez-en-la-plaza-del-barrio-municipal","status":"publish","type":"post","link":"https:\/\/primicias2262.com\/noticias\/se-realizo-una-multitudinaria-fiesta-de-la-ninez-en-la-plaza-del-barrio-municipal\/","title":{"rendered":"Se realiz\u00f3 una multitudinaria fiesta de la ni\u00f1ez en la plaza del Barrio Municipal"},"content":{"rendered":"<p>Con la participaci\u00f3n de una gran cantidad de familas de afiliados y vecinos, el Sindicato de Trabajadores Municipales realiz\u00f3 la fiesta de la ni\u00f1ez, que no hab\u00eda podido llevar adelante en los \u00faltimos dos a\u00f1os por la pandemia.<\/p>\n<p>El multitudinario encuentro tuvo lugar en la plaza del Barrio Municipal donde la murga \u00abLos Reventados del Ritmo le pusieron color y ritmo a la tarde.<\/p>\n<p>Adem\u00e1s se realizaron juegos, coreograf\u00edas y hubo maquillaje art\u00edstico. Se sirvi\u00f3 la cl\u00e1sica chocolatada con facturas y se repartieron golosinas.<\/p>\n<p><a href=\"https:\/\/primicias2262.com\/wp-content\/uploads\/2022\/08\/WhatsApp-Image-2022-08-22-at-10.30.29-AM.jpeg\"><img loading=\"lazy\" decoding=\"async\" class=\"aligncenter size-large wp-image-92812\" src=\"https:\/\/primicias2262.com\/wp-content\/uploads\/2022\/08\/WhatsApp-Image-2022-08-22-at-10.30.29-AM-1024x768.jpeg\" alt=\"\" width=\"696\" height=\"522\" \/><\/a><\/p>\n<p><a href=\"https:\/\/primicias2262.com\/wp-content\/uploads\/2022\/08\/WhatsApp-Image-2022-08-22-at-10.30.29-AM-1.jpeg\"><img loading=\"lazy\" decoding=\"async\" class=\"aligncenter size-large wp-image-92813\" src=\"https:\/\/primicias2262.com\/wp-content\/uploads\/2022\/08\/WhatsApp-Image-2022-08-22-at-10.30.29-AM-1-1024x281.jpeg\" alt=\"\" width=\"696\" height=\"191\" \/><\/a><\/p>\n","protected":false},"excerpt":{"rendered":"<p>Con la participaci\u00f3n de una gran cantidad de familas de afiliados y vecinos, el Sindicato de Trabajadores Municipales realiz\u00f3 la fiesta de la ni\u00f1ez, que no hab\u00eda podido llevar adelante en los \u00faltimos dos a\u00f1os por la pandemia. El multitudinario encuentro tuvo lugar en la plaza del Barrio Municipal donde la murga \u00abLos Reventados del [&hellip;]<\/p>\n","protected":false},"author":3,"featured_media":92815,"comment_status":"closed","ping_status":"closed","sticky":false,"template":"","format":"standard","meta":{"footnotes":""},"categories":[3],"tags":[],"class_list":["post-92811","post","type-post","status-publish","format-standard","has-post-thumbnail","category-masnoticias"],"_links":{"self":[{"href":"https:\/\/primicias2262.com\/noticias\/wp-json\/wp\/v2\/posts\/92811","targetHints":{"allow":["GET"]}}],"collection":[{"href":"https:\/\/primicias2262.com\/noticias\/wp-json\/wp\/v2\/posts"}],"about":[{"href":"https:\/\/primicias2262.com\/noticias\/wp-json\/wp\/v2\/types\/post"}],"author":[{"embeddable":true,"href":"https:\/\/primicias2262.com\/noticias\/wp-json\/wp\/v2\/users\/3"}],"replies":[{"embeddable":true,"href":"https:\/\/primicias2262.com\/noticias\/wp-json\/wp\/v2\/comments?post=92811"}],"version-history":[{"count":0,"href":"https:\/\/primicias2262.com\/noticias\/wp-json\/wp\/v2\/posts\/92811\/revisions"}],"wp:attachment":[{"href":"https:\/\/primicias2262.com\/noticias\/wp-json\/wp\/v2\/media?parent=92811"}],"wp:term":[{"taxonomy":"category","embeddable":true,"href":"https:\/\/primicias2262.com\/noticias\/wp-json\/wp\/v2\/categories?post=92811"},{"taxonomy":"post_tag","embeddable":true,"href":"https:\/\/primicias2262.com\/noticias\/wp-json\/wp\/v2\/tags?post=92811"}],"curies":[{"name":"wp","href":"https:\/\/api.w.org\/{rel}","templated":true}]}}