{"id":92828,"date":"2022-08-22T12:53:23","date_gmt":"2022-08-22T15:53:23","guid":{"rendered":"https:\/\/primicias2262.com\/?p=92828"},"modified":"2022-08-22T12:53:23","modified_gmt":"2022-08-22T15:53:23","slug":"claudio-ramon-ya-esta-en-su-hogar-tras-el-exitoso-trasplante-de-rinon-a-su-yerno","status":"publish","type":"post","link":"https:\/\/primicias2262.com\/noticias\/claudio-ramon-ya-esta-en-su-hogar-tras-el-exitoso-trasplante-de-rinon-a-su-yerno\/","title":{"rendered":"Claudio Ram\u00f3n ya est\u00e1 en su hogar tras el exitoso trasplante de ri\u00f1\u00f3n a su yerno"},"content":{"rendered":"<p>El donante necochense Claudio Ram\u00f3n fue dado de alta y ya volvi\u00f3 de La Plata a Necochea, para restablecerse en su casa del Barrio Municipal junto a su esposa Elizabeth Tierranegra, luego del exitoso trasplante de ri\u00f1on realizado a su yerno Esteban Ruiz de Azua.<\/p>\n<p>Con emoci\u00f3n en sus expresiones, Ram\u00f3n dialog\u00f3 con el periodista Jorge G\u00f3mez y manifest\u00f3 que \u201cmi yerno est\u00e1 bien, le hicieron estudios \u00faltimamente y est\u00e1 bien, fue todo un \u00e9xito la intervenci\u00f3n\u201d, y a t\u00edtulo personal asegur\u00f3 que \u201cme han hecho estudios y una ecograf\u00eda antes de darme el alta y est\u00e1 todo bien, tendr\u00e9 que cuidarme con muchas cosas en las comidas, cosas normales que uno las tiene que tener en cuenta as\u00ed tenga los dos ri\u00f1ones\u201d.<\/p>\n<p>Ram\u00f3n, de 55 a\u00f1os y quien est\u00e1 a cargo de la divisi\u00f3n de Guardaparques de la comuna, asever\u00f3 que \u201cc\u00f3mo no se va a poner feliz uno con esto\u2026 por m\u00e1s que digan c\u00f3mo hac\u00e9s para donar un ri\u00f1\u00f3n, eso uno no lo piensa. De hecho, hace unos d\u00edas se cumplieron tres a\u00f1os que le comuniqu\u00e9 a mi yerno que si todo andaba bien con los estudios le iba a donar un ri\u00f1\u00f3n\u201d.<\/p>\n<p>Esteban Ruiz de Az\u00faa, yerno de Ram\u00f3n, se estuvo dializando durante siete a\u00f1os hasta que lleg\u00f3 la oportunidad \u00fanica del trasplante: \u201cLo primero que tenemos en lista cuando vuelva Esteban es comer un buen asado, aunque sin sal\u201d, concluy\u00f3 entre risas Claudio Ram\u00f3n.<\/p>\n","protected":false},"excerpt":{"rendered":"<p>El donante necochense Claudio Ram\u00f3n fue dado de alta y ya volvi\u00f3 de La Plata a Necochea, para restablecerse en su casa del Barrio Municipal junto a su esposa Elizabeth Tierranegra, luego del exitoso trasplante de ri\u00f1on realizado a su yerno Esteban Ruiz de Azua. Con emoci\u00f3n en sus expresiones, Ram\u00f3n dialog\u00f3 con el periodista [&hellip;]<\/p>\n","protected":false},"author":3,"featured_media":92829,"comment_status":"closed","ping_status":"closed","sticky":false,"template":"","format":"standard","meta":{"footnotes":""},"categories":[3],"tags":[],"class_list":["post-92828","post","type-post","status-publish","format-standard","has-post-thumbnail","category-masnoticias"],"_links":{"self":[{"href":"https:\/\/primicias2262.com\/noticias\/wp-json\/wp\/v2\/posts\/92828","targetHints":{"allow":["GET"]}}],"collection":[{"href":"https:\/\/primicias2262.com\/noticias\/wp-json\/wp\/v2\/posts"}],"about":[{"href":"https:\/\/primicias2262.com\/noticias\/wp-json\/wp\/v2\/types\/post"}],"author":[{"embeddable":true,"href":"https:\/\/primicias2262.com\/noticias\/wp-json\/wp\/v2\/users\/3"}],"replies":[{"embeddable":true,"href":"https:\/\/primicias2262.com\/noticias\/wp-json\/wp\/v2\/comments?post=92828"}],"version-history":[{"count":0,"href":"https:\/\/primicias2262.com\/noticias\/wp-json\/wp\/v2\/posts\/92828\/revisions"}],"wp:attachment":[{"href":"https:\/\/primicias2262.com\/noticias\/wp-json\/wp\/v2\/media?parent=92828"}],"wp:term":[{"taxonomy":"category","embeddable":true,"href":"https:\/\/primicias2262.com\/noticias\/wp-json\/wp\/v2\/categories?post=92828"},{"taxonomy":"post_tag","embeddable":true,"href":"https:\/\/primicias2262.com\/noticias\/wp-json\/wp\/v2\/tags?post=92828"}],"curies":[{"name":"wp","href":"https:\/\/api.w.org\/{rel}","templated":true}]}}