{"id":92836,"date":"2022-08-22T13:15:22","date_gmt":"2022-08-22T16:15:22","guid":{"rendered":"https:\/\/primicias2262.com\/?p=92836"},"modified":"2022-08-22T13:15:22","modified_gmt":"2022-08-22T16:15:22","slug":"covid-desde-este-martes-habra-un-operativo-de-vacunacion-itinerante","status":"publish","type":"post","link":"https:\/\/primicias2262.com\/noticias\/covid-desde-este-martes-habra-un-operativo-de-vacunacion-itinerante\/","title":{"rendered":"Covid: desde este martes habr\u00e1 un operativo de vacunaci\u00f3n itinerante"},"content":{"rendered":"<p>El Ministerio de Salud de la Provincia de Buenos Aires inform\u00f3 que esta semana habr\u00e1 un operativo de vacunaci\u00f3n itinerante contra el Covid 19 en diferentes establecimientos educacionales de Necochea y Quequ\u00e9n.<\/p>\n<p>La vacunaci\u00f3n itinerante es abierta a toda la comunidad y comenzar\u00e1 este martes en la Escuela Primaria N\u00b0 3, ubicada en 57 y 48, en el horario de 10 a 14. Continuar\u00e1 el mi\u00e9rcoles 24 en la Escuela Primaria N\u00b0 7, 69 bis y 34, de 14 a 17.<\/p>\n<p><a href=\"https:\/\/primicias2262.com\/wp-content\/uploads\/2022\/08\/Vacunacion.jpg\"><img loading=\"lazy\" decoding=\"async\" class=\"aligncenter size-full wp-image-92837\" src=\"https:\/\/primicias2262.com\/wp-content\/uploads\/2022\/08\/Vacunacion.jpg\" alt=\"\" width=\"720\" height=\"790\" \/><\/a><\/p>\n<p>El jueves 25 se aplicar\u00e1n las vacunas en la Escuela Primaria N\u00b0 35, 57 y 18 , de 10 a 14, mientras que la campa\u00f1a culminar\u00e1 en la Escuela Primeria N\u00b0 31, 529 N\u00b0 1254 de Quequ\u00e9n, en el horario de 10 a 14.<\/p>\n","protected":false},"excerpt":{"rendered":"<p>El Ministerio de Salud de la Provincia de Buenos Aires inform\u00f3 que esta semana habr\u00e1 un operativo de vacunaci\u00f3n itinerante contra el Covid 19 en diferentes establecimientos educacionales de Necochea y Quequ\u00e9n. La vacunaci\u00f3n itinerante es abierta a toda la comunidad y comenzar\u00e1 este martes en la Escuela Primaria N\u00b0 3, ubicada en 57 y [&hellip;]<\/p>\n","protected":false},"author":3,"featured_media":86682,"comment_status":"closed","ping_status":"closed","sticky":false,"template":"","format":"standard","meta":{"footnotes":""},"categories":[3],"tags":[],"class_list":["post-92836","post","type-post","status-publish","format-standard","has-post-thumbnail","category-masnoticias"],"_links":{"self":[{"href":"https:\/\/primicias2262.com\/noticias\/wp-json\/wp\/v2\/posts\/92836","targetHints":{"allow":["GET"]}}],"collection":[{"href":"https:\/\/primicias2262.com\/noticias\/wp-json\/wp\/v2\/posts"}],"about":[{"href":"https:\/\/primicias2262.com\/noticias\/wp-json\/wp\/v2\/types\/post"}],"author":[{"embeddable":true,"href":"https:\/\/primicias2262.com\/noticias\/wp-json\/wp\/v2\/users\/3"}],"replies":[{"embeddable":true,"href":"https:\/\/primicias2262.com\/noticias\/wp-json\/wp\/v2\/comments?post=92836"}],"version-history":[{"count":0,"href":"https:\/\/primicias2262.com\/noticias\/wp-json\/wp\/v2\/posts\/92836\/revisions"}],"wp:attachment":[{"href":"https:\/\/primicias2262.com\/noticias\/wp-json\/wp\/v2\/media?parent=92836"}],"wp:term":[{"taxonomy":"category","embeddable":true,"href":"https:\/\/primicias2262.com\/noticias\/wp-json\/wp\/v2\/categories?post=92836"},{"taxonomy":"post_tag","embeddable":true,"href":"https:\/\/primicias2262.com\/noticias\/wp-json\/wp\/v2\/tags?post=92836"}],"curies":[{"name":"wp","href":"https:\/\/api.w.org\/{rel}","templated":true}]}}