{"id":92839,"date":"2022-08-22T14:30:55","date_gmt":"2022-08-22T17:30:55","guid":{"rendered":"https:\/\/primicias2262.com\/?p=92839"},"modified":"2022-08-22T14:30:55","modified_gmt":"2022-08-22T17:30:55","slug":"podios-de-todos-al-agua-en-el-nacional-de-la-rioja-y-cuatro-finalistas-en-bonaerenses","status":"publish","type":"post","link":"https:\/\/primicias2262.com\/noticias\/podios-de-todos-al-agua-en-el-nacional-de-la-rioja-y-cuatro-finalistas-en-bonaerenses\/","title":{"rendered":"Podios de \u201cTodos al Agua\u201d en el Nacional de La Rioja y cuatro finalistas en Bonaerenses"},"content":{"rendered":"<p><strong>Mes intenso el de la Escuela Municipal de Nataci\u00f3n Adaptada \u201cTodos al Agua\u201d, pero que refleja el trabajo sostenido que se viene realizando desde hace varios a\u00f1os, y que durante este agosto se vio reflejado con excelentes pasos por el 1\u00ba Torneo Nacional para atletas con S\u00edndrome de Down en La Rioja y la etapa regional de los Juegos Bonaerenses.<\/strong><\/p>\n<p>Respecto al primer compromiso citado, la escuela necochense que coordina el Prof. Marcos Bertone y depende de la Direcci\u00f3n de Deportes, a cargo de Guadalupe Hern\u00e1ndez, viaj\u00f3 a La Rioja Capital en con junto con Integra Sports de Mar del Plata, ambas como representantes de la provincia de Buenos Aires. En el caso de \u201cTodos al Agua\u201d, junto a Bertone viajaron los nadadores Nicol\u00e1s Am\u00e9ndola, Mauro Ramos Yusef y Javier Loncan.<\/p>\n<p>Acerca de la experiencia, el Prof. Bertone describi\u00f3 que \u201ces el primer torneo nacional para s\u00edndrome de down que se realiz\u00f3 en el pa\u00eds, organizado por el CEF N\u00ba 5 de La Rioja, y cont\u00f3 de dos jornadas de competencia. La idea era participar de este torneo como preparaci\u00f3n de cara a octubre para el Mundial de S\u00edndrome de Down en Portugal, en el cual Am\u00e9ndola va a participar. Mientras tanto, Javier y Mauro hicieron sus primeras experiencias en competencias. Le fue muy bien a los tres, lograron mejorar sus marcas y se lograron grandes resultados, s\u00edmbolo del esfuerzo, trabajo y dedicaci\u00f3n de los docentes y el esfuerzo de las familias\u201d.<\/p>\n<p><a href=\"https:\/\/primicias2262.com\/wp-content\/uploads\/2022\/08\/FOTO-Todos-al-Agua-Nacional.jpg\"><img loading=\"lazy\" decoding=\"async\" class=\"aligncenter size-full wp-image-92841\" src=\"https:\/\/primicias2262.com\/wp-content\/uploads\/2022\/08\/FOTO-Todos-al-Agua-Nacional.jpg\" alt=\"\" width=\"821\" height=\"463\" \/><\/a><\/p>\n<p>Asimismo, Bertone contextualiz\u00f3 que \u201cfue un torneo muy lindo donde participaron clubes de todo el pa\u00eds, de Buenos Aires, C\u00f3rdoba, Salta, Santa Fe, Chubut, R\u00edo Negro, La Pampa, Capital Federal y el local La Rioja. Entre esos clubes estaban representantes de la Selecci\u00f3n Argentina, entre ellos Nicol\u00e1s (Am\u00e9ndola), quienes recibieron una distinci\u00f3n especial y el reconocimiento de todo el p\u00fablico presente en el acto inaugural con autoridades de la provincia de La Rioja\u201d.<\/p>\n<p>Por otra parte, acompa\u00f1ados por los profesores Magdalena Gonz\u00e1lez y David Bossio, los alumnos que viajaron a participar a la instancia regional de los Juegos Bonaerenses fueron Thiago Garc\u00eda, Kurt V\u00e1zquez y Annabela Hern\u00e1ndez en 25 metros categor\u00eda Menores; y Antonio Menna, Ignacio Cardenas, Hernaldo Mart\u00ednez Villegas , Benjam\u00edn Blanco, Danilo Maletti, Marcelo Jensen y Agust\u00edn Guedes en categor\u00eda Juveniles en 50 metros.<\/p>\n<p><a href=\"https:\/\/primicias2262.com\/wp-content\/uploads\/2022\/08\/FOTO-Todos-al-Agua-Bonaerenses.jpeg\"><img loading=\"lazy\" decoding=\"async\" class=\"aligncenter size-full wp-image-92840\" src=\"https:\/\/primicias2262.com\/wp-content\/uploads\/2022\/08\/FOTO-Todos-al-Agua-Bonaerenses.jpeg\" alt=\"\" width=\"1024\" height=\"768\" \/><\/a><\/p>\n<p>De todos ellos, lograron clasificar a la instancia final en octubre en Mar del Plata Ignacio C\u00e1rdenas en +17 a\u00f1os intelectual en 50 metros libres; Anabella Hern\u00e1ndez en 25 metros libres; Danilo Malleti en categor\u00eda S6 50 metros libres y Benjam\u00edn Blanco en categor\u00eda S10.<\/p>\n","protected":false},"excerpt":{"rendered":"<p>Mes intenso el de la Escuela Municipal de Nataci\u00f3n Adaptada \u201cTodos al Agua\u201d, pero que refleja el trabajo sostenido que se viene realizando desde hace varios a\u00f1os, y que durante este agosto se vio reflejado con excelentes pasos por el 1\u00ba Torneo Nacional para atletas con S\u00edndrome de Down en La Rioja y la etapa [&hellip;]<\/p>\n","protected":false},"author":3,"featured_media":92842,"comment_status":"closed","ping_status":"closed","sticky":false,"template":"","format":"standard","meta":{"footnotes":""},"categories":[3],"tags":[],"class_list":["post-92839","post","type-post","status-publish","format-standard","has-post-thumbnail","category-masnoticias"],"_links":{"self":[{"href":"https:\/\/primicias2262.com\/noticias\/wp-json\/wp\/v2\/posts\/92839","targetHints":{"allow":["GET"]}}],"collection":[{"href":"https:\/\/primicias2262.com\/noticias\/wp-json\/wp\/v2\/posts"}],"about":[{"href":"https:\/\/primicias2262.com\/noticias\/wp-json\/wp\/v2\/types\/post"}],"author":[{"embeddable":true,"href":"https:\/\/primicias2262.com\/noticias\/wp-json\/wp\/v2\/users\/3"}],"replies":[{"embeddable":true,"href":"https:\/\/primicias2262.com\/noticias\/wp-json\/wp\/v2\/comments?post=92839"}],"version-history":[{"count":0,"href":"https:\/\/primicias2262.com\/noticias\/wp-json\/wp\/v2\/posts\/92839\/revisions"}],"wp:attachment":[{"href":"https:\/\/primicias2262.com\/noticias\/wp-json\/wp\/v2\/media?parent=92839"}],"wp:term":[{"taxonomy":"category","embeddable":true,"href":"https:\/\/primicias2262.com\/noticias\/wp-json\/wp\/v2\/categories?post=92839"},{"taxonomy":"post_tag","embeddable":true,"href":"https:\/\/primicias2262.com\/noticias\/wp-json\/wp\/v2\/tags?post=92839"}],"curies":[{"name":"wp","href":"https:\/\/api.w.org\/{rel}","templated":true}]}}