{"id":92881,"date":"2022-08-23T12:00:29","date_gmt":"2022-08-23T15:00:29","guid":{"rendered":"https:\/\/primicias2262.com\/?p=92881"},"modified":"2022-08-23T12:00:29","modified_gmt":"2022-08-23T15:00:29","slug":"micros-los-usuarios-piden-que-no-se-aumente-el-boleto-y-se-sumen-mas-frecuencias","status":"publish","type":"post","link":"https:\/\/primicias2262.com\/noticias\/micros-los-usuarios-piden-que-no-se-aumente-el-boleto-y-se-sumen-mas-frecuencias\/","title":{"rendered":"Micros: los usuarios piden que no se aumente el boleto y se sumen m\u00e1s frecuencias"},"content":{"rendered":"<p>Los vecinos que se pronunciaron en representaci\u00f3n de los usuarios del servicio de transporte de pasajeros pidieron que no se aumente el valor del boleto y se adecuen las unidades para las personas con discapacidad.<\/p>\n<p>Durante la audiciencia p\u00fablica que se desarroll\u00f3 en el Concejo Deliberante para analizar el aumento del boleto de pasajeros, los expositores tambi\u00e9n reclamaron mayores frecuencia y un mejor mantenimiento de las unidades.<\/p>\n<p>El encuentro fue encabezado por el presidente de la comisi\u00f3n de Transporte del cuerpo deliberativo, Maximiliano Delfino y cont\u00f3 con la participaci\u00f3n de gran parte de los ediles que componen el HCD.<\/p>\n<p>El primer expositor fue el director de Transporte de la comuna, Facundo Croci, quien inform\u00f3 que la comuna invirti\u00f3 en 172.045 boletos estudiantiles de marzo a julio de este a\u00f1o y se mostr\u00f3 a favor de garantizar el servicio de transporte de pasajeros.<\/p>\n<p>Luego Carlos Manzano en representaci\u00f3n de las empresas de transporte manifest\u00f3<br \/>\nque \u201choy se est\u00e1 hablando de mantener el servicio pero con estos costos no se puede<br \/>\nseguir funcionando\u00bb.<\/p>\n<p>Destac\u00f3 que el servicio genera m\u00e1s de 100 puestos de trabajo, pero tambi\u00e9n remarc\u00f3 que<br \/>\n\u00abel combustible aument\u00f3 el 100% de 94 pesos en mayo de 2021 a 180 pesos en la actualidad\u201d, adem\u00e1s de enumerar otras dificultades que tienen las empresas, como ocurre en todo el pa\u00eds.<\/p>\n<p>En representaci\u00f3n de los usuarios hablaron Daniel L\u00f3pez, Agust\u00edn Trejo, Marcelo Sily, Silvana Calio, Natalia Tosseto, Gerardo Luis Pe\u00f1a, Luciano Cardoni, Luciano Lescano, Macarena Bellizi y Ana Bravo, quienes adem\u00e1s pidieron el boleto gratuito para jubilados con el haber m\u00ednimo y que el servicio se cumpla en el horario completo.<\/p>\n","protected":false},"excerpt":{"rendered":"<p>Los vecinos que se pronunciaron en representaci\u00f3n de los usuarios del servicio de transporte de pasajeros pidieron que no se aumente el valor del boleto y se adecuen las unidades para las personas con discapacidad. Durante la audiciencia p\u00fablica que se desarroll\u00f3 en el Concejo Deliberante para analizar el aumento del boleto de pasajeros, los [&hellip;]<\/p>\n","protected":false},"author":3,"featured_media":92882,"comment_status":"closed","ping_status":"closed","sticky":false,"template":"","format":"standard","meta":{"footnotes":""},"categories":[3],"tags":[],"class_list":["post-92881","post","type-post","status-publish","format-standard","has-post-thumbnail","category-masnoticias"],"_links":{"self":[{"href":"https:\/\/primicias2262.com\/noticias\/wp-json\/wp\/v2\/posts\/92881","targetHints":{"allow":["GET"]}}],"collection":[{"href":"https:\/\/primicias2262.com\/noticias\/wp-json\/wp\/v2\/posts"}],"about":[{"href":"https:\/\/primicias2262.com\/noticias\/wp-json\/wp\/v2\/types\/post"}],"author":[{"embeddable":true,"href":"https:\/\/primicias2262.com\/noticias\/wp-json\/wp\/v2\/users\/3"}],"replies":[{"embeddable":true,"href":"https:\/\/primicias2262.com\/noticias\/wp-json\/wp\/v2\/comments?post=92881"}],"version-history":[{"count":0,"href":"https:\/\/primicias2262.com\/noticias\/wp-json\/wp\/v2\/posts\/92881\/revisions"}],"wp:attachment":[{"href":"https:\/\/primicias2262.com\/noticias\/wp-json\/wp\/v2\/media?parent=92881"}],"wp:term":[{"taxonomy":"category","embeddable":true,"href":"https:\/\/primicias2262.com\/noticias\/wp-json\/wp\/v2\/categories?post=92881"},{"taxonomy":"post_tag","embeddable":true,"href":"https:\/\/primicias2262.com\/noticias\/wp-json\/wp\/v2\/tags?post=92881"}],"curies":[{"name":"wp","href":"https:\/\/api.w.org\/{rel}","templated":true}]}}