{"id":92884,"date":"2022-08-23T12:52:18","date_gmt":"2022-08-23T15:52:18","guid":{"rendered":"https:\/\/primicias2262.com\/?p=92884"},"modified":"2022-08-23T12:52:18","modified_gmt":"2022-08-23T15:52:18","slug":"silvia-jensen-estimo-las-cifras-que-pueden-aparecer-en-las-facturas-de-luz-y-gas","status":"publish","type":"post","link":"https:\/\/primicias2262.com\/noticias\/silvia-jensen-estimo-las-cifras-que-pueden-aparecer-en-las-facturas-de-luz-y-gas\/","title":{"rendered":"Silvia Jensen estim\u00f3 las cifras que pueden aparecer en las facturas de luz y gas"},"content":{"rendered":"<p>Los cambios se aplicar\u00edan a partir de septiembre, pero ante la falta de claridad a nivel nacional, la referente de la Multisectoria dio algunas cifras de manera estimativa acerca de lo que se pagar\u00eda, y enfatiz\u00f3: \u201cEst\u00e1 todo muy poco claro, los organismos de control y las distribuidoras hasta hoy no tienen instrucciones, y los cuadros tarifarios no est\u00e1n publicados\u00bb.<\/p>\n<p>\u00abCuando te preguntan cu\u00e1nto vamos a pagar hay que estimarm\u00e1s o menos una cifra\u2026solo puedo decir que la gente que trabaja dentro de Enargas est\u00e1 muy preocupada con lo que se viene\u201d, puntualiz\u00f3.<\/p>\n<p>Tales afirmaciones las hizo durante una charla con el periodista Jorge G\u00f3mez en \u201cVoces de la Ciudad\u201d, donde Jensen comenz\u00f3 expresando que \u201cla secretaria de Energ\u00eda (Flavia Roy\u00f3n) hizo una presentaci\u00f3n con una filmina que no la entienden ni ellos. Hace a\u00f1os que estoy en esto y es imposible comprender qu\u00e9 va a pasar\u201d.<\/p>\n<p>Hecha esa aclaraci\u00f3n, Jensen coment\u00f3 que \u201cestuve haciendo algunos numeritos m\u00e1s o menos de lo que figura hoy, pero hay un mont\u00f3n de esquemas de forma de facturar ahora y hay que ver qu\u00e9 cuadro tarifario hay. Por ejemplo, con respecto al gas depende en que zona vivas, si preservas el subsidio o no, si habr\u00e1 alg\u00fan esquema de tope o no\u201d.<\/p>\n<p>Destac\u00f3 que \u201cel descuento de Zona Fr\u00eda va a continuar, y lo que plantea \u00abTopo\u00bb Rodr\u00edguez en cuanto a las garrafas tambi\u00e9n me parece importante, porque las personas que no cumplen con el requisito para el Programa Hogar y usan gas envasado todav\u00eda no tienen el beneficio de Zona Fr\u00eda despu\u00e9s de un a\u00f1o aprobada la ley, y es un universo importante de gente\u201d.<\/p>\n<p>En ese marco, puso como ejemplo algunos n\u00fameros actuales que pueden cambiar. Con respecto a la luz, se\u00f1al\u00f3 que \u201cuna categor\u00eda R3, que son los que consumen entre 200 y 400 kilowatts mensuales hoy el precio es $6,19 el kw. con subsidio, y sin subsidio $16,70. Con el cargo fijo un consumo de 250 kilowatts hoy es de 1809 pesos sin impuestos ni cuota capital.<\/p>\n<p>El mismo consumo sin subsidio es de $4436 pesos mensual. Quien tenga un consumo superior a 400 kilowatts el precio es $6,39 y sin subsidio es \u00ab20 pesos, entonces si consum\u00eds 450 kilowatts pagar\u00e1s $3200 m\u00e1s impuestos, y sin subsidio superando ese consumo ser\u00eda 9342 pesos mensuales. Estos son los cuadros que figuran hoy y que nos pasaron desde OCEBA, y regir\u00eda a partir de septiembre\u201d.<\/p>\n<p>En cuanto al gas, Jensen record\u00f3 que \u201clleva m\u00e1s de un 40% de aumento, todo el mundo me pregunta si le sacaron el subsidio, pero no, en realidad es que hubo un aumento del 40% que pas\u00f3 el metro c\u00fabico de $11,12 a $14,72 pesos y ahora a $15,33 en el \u00faltimo cuadro tarifario para la categor\u00eda m\u00e1s alta R3-4, y a $25 pesos para el que no tiene el subsidio\u201d.<\/p>\n<p>\u201cDe ah\u00ed viene luego el descuento de zona fr\u00eda, 30% menos o un 50% para jubilados, pensionados y dem\u00e1s, y el cargo fijo aument\u00f3 de $1218 a $1485, todo respecto a zona residencial\u201d, notific\u00f3, para estimar que \u201calguien con categor\u00eda R3-4 que hoy consume 550 metros c\u00fabicos mensuales m\u00e1s el cargo fijo tendr\u00eda una factura de $9174 pesos, sin zona fr\u00eda y si pierde el subsidio, con el mismo consumo pagar\u00eda una factura de 14.492 pesos\u00bb<\/p>\n<p>Finalmente, sostuvo que sigue abierta la inscripci\u00f3n para la segmentaci\u00f3n tarifaria, \u201cpero Anses no recibe m\u00e1s gente por este tema y hay que hacerlo por la p\u00e1gina de la Secretar\u00eda de Energ\u00eda o Mi Argentina por tu cuenta\u201d.<\/p>\n<p>Sobre este tema remarc\u00f3 que \u201cme preocupa porque los sectores m\u00e1s humildes no tienen ning\u00fan beneficio y esto afecta a la clase media. Me parece una medida que enquilomb\u00f3 a la gente desde la angustia y no resuelve nada\u2026 el problema real est\u00e1 en el bolsillo de la gente\u201d.<\/p>\n","protected":false},"excerpt":{"rendered":"<p>Los cambios se aplicar\u00edan a partir de septiembre, pero ante la falta de claridad a nivel nacional, la referente de la Multisectoria dio algunas cifras de manera estimativa acerca de lo que se pagar\u00eda, y enfatiz\u00f3: \u201cEst\u00e1 todo muy poco claro, los organismos de control y las distribuidoras hasta hoy no tienen instrucciones, y los [&hellip;]<\/p>\n","protected":false},"author":3,"featured_media":92885,"comment_status":"closed","ping_status":"closed","sticky":false,"template":"","format":"standard","meta":{"footnotes":""},"categories":[3],"tags":[],"class_list":["post-92884","post","type-post","status-publish","format-standard","has-post-thumbnail","category-masnoticias"],"_links":{"self":[{"href":"https:\/\/primicias2262.com\/noticias\/wp-json\/wp\/v2\/posts\/92884","targetHints":{"allow":["GET"]}}],"collection":[{"href":"https:\/\/primicias2262.com\/noticias\/wp-json\/wp\/v2\/posts"}],"about":[{"href":"https:\/\/primicias2262.com\/noticias\/wp-json\/wp\/v2\/types\/post"}],"author":[{"embeddable":true,"href":"https:\/\/primicias2262.com\/noticias\/wp-json\/wp\/v2\/users\/3"}],"replies":[{"embeddable":true,"href":"https:\/\/primicias2262.com\/noticias\/wp-json\/wp\/v2\/comments?post=92884"}],"version-history":[{"count":0,"href":"https:\/\/primicias2262.com\/noticias\/wp-json\/wp\/v2\/posts\/92884\/revisions"}],"wp:attachment":[{"href":"https:\/\/primicias2262.com\/noticias\/wp-json\/wp\/v2\/media?parent=92884"}],"wp:term":[{"taxonomy":"category","embeddable":true,"href":"https:\/\/primicias2262.com\/noticias\/wp-json\/wp\/v2\/categories?post=92884"},{"taxonomy":"post_tag","embeddable":true,"href":"https:\/\/primicias2262.com\/noticias\/wp-json\/wp\/v2\/tags?post=92884"}],"curies":[{"name":"wp","href":"https:\/\/api.w.org\/{rel}","templated":true}]}}