{"id":92887,"date":"2022-08-24T11:31:50","date_gmt":"2022-08-24T14:31:50","guid":{"rendered":"https:\/\/primicias2262.com\/?p=92887"},"modified":"2022-08-24T11:31:50","modified_gmt":"2022-08-24T14:31:50","slug":"un-joven-con-sindrome-de-down-realiza-su-entrenamiento-laboral-en-un-local-gastronomico","status":"publish","type":"post","link":"https:\/\/primicias2262.com\/noticias\/un-joven-con-sindrome-de-down-realiza-su-entrenamiento-laboral-en-un-local-gastronomico\/","title":{"rendered":"Un joven con Sindrome de Down realiza su entrenamiento laboral en un local gastron\u00f3mico"},"content":{"rendered":"<div class=\"wp-block-media-text is-stacked-on-mobile is-vertically-aligned-top\">\n<div class=\"wp-block-media-text__content\">\n<p>Con la expectativa puesta en que nuevos actores del sector privado se animen a sumarse a la iniciativa, la Secretar\u00eda de Turismo y Desarrollo Productivo se acerc\u00f3 hasta \u201cLa Industrial\u201d, un reconocido comercio gastron\u00f3mico del centro necochense, para seguir de cerca los avances del entrenamiento laboral de Mauro Ramos Yusef, un joven con S\u00edndrome de Down que comenz\u00f3 a transitar sus primeras experiencias de formaci\u00f3n en el mundo del trabajo.<\/p>\n<p>La inclusi\u00f3n de este nuevo participante el Programa Promover la Igualdad de Oportunidades de Empleo se vuelve importante por tratarse de una incorporaci\u00f3n que no se efectu\u00f3 en el \u00e1mbito p\u00fablico, donde ya cerca de medio centenar de personas con discapacidad desenvuelven sus tareas cotidianamente.<\/p>\n<p>Hasta el lugar, para cerciorar este proceso de adaptaci\u00f3n, lleg\u00f3 una comitiva encabezada por el titular de la dependencia, Mat\u00edas Sierra, que tambi\u00e9n estuvo integrada por la directora de Desarrollo Comercial, Industrial y Agropecuario, Roc\u00edo Zabalj\u00e1uregui, bajo cuya \u00f3rbita funciona la Oficina Municipal de Empleo, articuladora del programa a trav\u00e9s del Ministerio de Trabajo de la Naci\u00f3n.<\/p>\n<p>Cabe se\u00f1alar que Mauro, antes de abordar esta nueva oportunidad, ya se hab\u00eda desempe\u00f1ado como auxiliar en un jard\u00edn municipal y conformado el equipo de \u201cCuidadores de Playa\u201d, que motiv\u00f3 mucho inter\u00e9s en los medios nacionales y municipios vecinos por su poder de inserci\u00f3n y la originalidad de la propuesta.<\/p>\n<\/div>\n<\/div>\n<p>\u201cEn lo que refiere al rubro de la gastronom\u00eda, su perfil coincide con lo que se estaba buscando, ya que suele colaborar en la confiter\u00eda del Club del valle y re\u00fane las caracter\u00edsticas necesarias para desempe\u00f1arse como ayudante de mozo\u201d, se\u00f1al\u00f3 Camila Bianchi, coordinadora del \u00c1rea de Discapacidad de la comuna, quien se ocupa de brindar asesoramiento en estos procesos de inclusi\u00f3n laboral.<\/p>\n<p>En cuanto al programa nacional, \u201cel proyecto consiste en un entrenamiento de 8 meses, dentro del cual el joven deber\u00e1 cumplir 4 horas diarias de trabajo\u201d. Para ello, \u201cel Ministerio de Trabajo abona un incentivo econ\u00f3mico\u201d, mientras que Mauro \u201cest\u00e1 bajo la supervisi\u00f3n de los encargados del sal\u00f3n, quienes han demostrado la mejor predisposici\u00f3n para guiarlo en las actividades y las tareas espec\u00edficas que se realizan cotidianamente\u201d, se\u00f1al\u00f3 la funcionaria.<\/p>\n<p>Por su parte, Roc\u00edo Zabalj\u00e1uregui se\u00f1al\u00f3 que \u201cesta es una manera de inclusi\u00f3n que estamos gestionando desde la Oficina de Empleo\u201d, destacando al respecto que \u201choy tenemos 50 participantes activos, pero Mauro es la primera persona que se inserta en el sector privado\u201d.<\/p>\n<p>Celebrando el inicio de este entrenamiento, desde la Secretar\u00eda apuestan a que m\u00e1s comercios y empresarios locales se animen a incorporar personal con discapacidad, por lo que ofrecieron m\u00faltiples v\u00edas de comunicaci\u00f3n para que los interesados puedan despejar sus dudas.<\/p>\n<p>Para conseguir mayor informaci\u00f3n de manera online, los posibles contratantes pueden escribir un mensaje a los correos electr\u00f3nicos <a href=\"mailto:produccion@necochea.gov.ar\" target=\"_blank\" rel=\"noreferrer noopener\">produccion@necochea.gov.ar<\/a>\u00a0o\u00a0<a href=\"mailto:necocheadiscapacidad@gmail.com\">necocheadiscapacidad@gmail.com<\/a>; mientras que, de forma presencial, las \u00e1reas atienden de lunes a viernes, en el horario de 8 a 14, en las oficinas ubicadas en Avenida 2 y 87 o en la planta baja del Centro C\u00edvico, en la esquina de Avenida 58 y calle 61.<\/p>\n","protected":false},"excerpt":{"rendered":"<p>Con la expectativa puesta en que nuevos actores del sector privado se animen a sumarse a la iniciativa, la Secretar\u00eda de Turismo y Desarrollo Productivo se acerc\u00f3 hasta \u201cLa Industrial\u201d, un reconocido comercio gastron\u00f3mico del centro necochense, para seguir de cerca los avances del entrenamiento laboral de Mauro Ramos Yusef, un joven con S\u00edndrome de [&hellip;]<\/p>\n","protected":false},"author":3,"featured_media":92888,"comment_status":"closed","ping_status":"closed","sticky":false,"template":"","format":"standard","meta":{"footnotes":""},"categories":[3],"tags":[],"class_list":["post-92887","post","type-post","status-publish","format-standard","has-post-thumbnail","category-masnoticias"],"_links":{"self":[{"href":"https:\/\/primicias2262.com\/noticias\/wp-json\/wp\/v2\/posts\/92887","targetHints":{"allow":["GET"]}}],"collection":[{"href":"https:\/\/primicias2262.com\/noticias\/wp-json\/wp\/v2\/posts"}],"about":[{"href":"https:\/\/primicias2262.com\/noticias\/wp-json\/wp\/v2\/types\/post"}],"author":[{"embeddable":true,"href":"https:\/\/primicias2262.com\/noticias\/wp-json\/wp\/v2\/users\/3"}],"replies":[{"embeddable":true,"href":"https:\/\/primicias2262.com\/noticias\/wp-json\/wp\/v2\/comments?post=92887"}],"version-history":[{"count":0,"href":"https:\/\/primicias2262.com\/noticias\/wp-json\/wp\/v2\/posts\/92887\/revisions"}],"wp:attachment":[{"href":"https:\/\/primicias2262.com\/noticias\/wp-json\/wp\/v2\/media?parent=92887"}],"wp:term":[{"taxonomy":"category","embeddable":true,"href":"https:\/\/primicias2262.com\/noticias\/wp-json\/wp\/v2\/categories?post=92887"},{"taxonomy":"post_tag","embeddable":true,"href":"https:\/\/primicias2262.com\/noticias\/wp-json\/wp\/v2\/tags?post=92887"}],"curies":[{"name":"wp","href":"https:\/\/api.w.org\/{rel}","templated":true}]}}