{"id":92901,"date":"2022-08-24T12:04:32","date_gmt":"2022-08-24T15:04:32","guid":{"rendered":"https:\/\/primicias2262.com\/?p=92901"},"modified":"2022-08-24T12:04:32","modified_gmt":"2022-08-24T15:04:32","slug":"juicio-contra-cfk-issin-opino-que-esto-va-a-finalizar-con-un-tema-que-lleva-decadas","status":"publish","type":"post","link":"https:\/\/primicias2262.com\/noticias\/juicio-contra-cfk-issin-opino-que-esto-va-a-finalizar-con-un-tema-que-lleva-decadas\/","title":{"rendered":"Juicio contra CFK: Issin opin\u00f3 que \u201cesto va a finalizar con un tema que lleva d\u00e9cadas\u201d"},"content":{"rendered":"<p>El abogado necochense, Alejandro Issin, dio su punto de vista acerca del juicio a la vicepresidenta Cristina Fern\u00e1ndez de Kirchner por las obras p\u00fablicas y el pedido de una pena de 12 a\u00f1os por parte del fiscal Diego Luciani.<\/p>\n<p>En di\u00e1logo telef\u00f3nico con el periodista Jorge G\u00f3mez se\u00f1al\u00f3 que \u201cestoy como todos los argentinos, lamentando que vivamos estos momentos de zozobra y desconcierto, a nadie le debe gustar ver a su expresidente sentado en el banco de los acusados, en este caso por delitos de corrupci\u00f3n\u201d, y asegur\u00f3 que \u201cesto va a poner blanco sobre negro y va a finalizar con un tema que ya lleva d\u00e9cadas, ya que vienen con denuncias desde 2008\u201d.<\/p>\n<p>Luego, Issin manifest\u00f3 que \u201ces muy del estilo de muchos funcionarios sometidos a un proceso final de tratar de no hablar de la cuesti\u00f3n de fondo o de lo que te est\u00e1n imputando y tirar la pelota al costado con temas ideol\u00f3gicos, pol\u00edticos o chicanas. Tratan de defenderse como pueden y si la estrategia de defensa no es clara, la estrategia es embarrarla cancha del punto de vista pol\u00edtico\u201d.<\/p>\n<p>Mientras tanto, cuando se le manifest\u00f3 que la sociedad en general presume que la corrupci\u00f3n pol\u00edtica nunca es sancionada, argument\u00f3 que \u201cno estoy tan de acuerdo con eso, ya que en momentos que el kirchnerismo era gobierno estaba procesado el vicepresidente Amado Boudou y despu\u00e9s fue condenado, y tambi\u00e9n fue condenada Felisa Miceli y Julio De Vido, aun siendo gobierno\u201d.<\/p>\n<p>Pero hizo la salvedad: \u201cPor ah\u00ed lo que le criticamos todos a la Justicia es la lentitud, cuando la Justicia tarda tanto las cosas se desnaturalizan y llegan a perder cierto sentido\u201d.<\/p>\n<p>Finalmente, Issin sostuvo que \u201ctodo esto tiene un componente alt\u00edsimo que no se puede obviar, pero no estoy de acuerdo con los escraches domiciliarios, lo de ayer me pareci\u00f3 lamentable\u201d, y concluy\u00f3 anhelando: \u201cEsperemos que transcurran todas las instancias judiciales que tengan que transcurrir porque esto puede terminar en una condena o en una absoluci\u00f3n, y si hay absoluci\u00f3n habr\u00e1 apelaci\u00f3n de la Fiscal\u00eda, ser\u00e1 un proceso largo\u201d.<\/p>\n","protected":false},"excerpt":{"rendered":"<p>El abogado necochense, Alejandro Issin, dio su punto de vista acerca del juicio a la vicepresidenta Cristina Fern\u00e1ndez de Kirchner por las obras p\u00fablicas y el pedido de una pena de 12 a\u00f1os por parte del fiscal Diego Luciani. En di\u00e1logo telef\u00f3nico con el periodista Jorge G\u00f3mez se\u00f1al\u00f3 que \u201cestoy como todos los argentinos, lamentando [&hellip;]<\/p>\n","protected":false},"author":3,"featured_media":78028,"comment_status":"closed","ping_status":"closed","sticky":false,"template":"","format":"standard","meta":{"footnotes":""},"categories":[3],"tags":[],"class_list":["post-92901","post","type-post","status-publish","format-standard","has-post-thumbnail","category-masnoticias"],"_links":{"self":[{"href":"https:\/\/primicias2262.com\/noticias\/wp-json\/wp\/v2\/posts\/92901","targetHints":{"allow":["GET"]}}],"collection":[{"href":"https:\/\/primicias2262.com\/noticias\/wp-json\/wp\/v2\/posts"}],"about":[{"href":"https:\/\/primicias2262.com\/noticias\/wp-json\/wp\/v2\/types\/post"}],"author":[{"embeddable":true,"href":"https:\/\/primicias2262.com\/noticias\/wp-json\/wp\/v2\/users\/3"}],"replies":[{"embeddable":true,"href":"https:\/\/primicias2262.com\/noticias\/wp-json\/wp\/v2\/comments?post=92901"}],"version-history":[{"count":0,"href":"https:\/\/primicias2262.com\/noticias\/wp-json\/wp\/v2\/posts\/92901\/revisions"}],"wp:attachment":[{"href":"https:\/\/primicias2262.com\/noticias\/wp-json\/wp\/v2\/media?parent=92901"}],"wp:term":[{"taxonomy":"category","embeddable":true,"href":"https:\/\/primicias2262.com\/noticias\/wp-json\/wp\/v2\/categories?post=92901"},{"taxonomy":"post_tag","embeddable":true,"href":"https:\/\/primicias2262.com\/noticias\/wp-json\/wp\/v2\/tags?post=92901"}],"curies":[{"name":"wp","href":"https:\/\/api.w.org\/{rel}","templated":true}]}}