{"id":92903,"date":"2022-08-24T14:24:14","date_gmt":"2022-08-24T17:24:14","guid":{"rendered":"https:\/\/primicias2262.com\/?p=92903"},"modified":"2022-08-24T14:24:14","modified_gmt":"2022-08-24T17:24:14","slug":"bosh-expreso-su-descontento-por-un-nuevo-ataque-vandalico-en-la-sociedad-rural","status":"publish","type":"post","link":"https:\/\/primicias2262.com\/noticias\/bosh-expreso-su-descontento-por-un-nuevo-ataque-vandalico-en-la-sociedad-rural\/","title":{"rendered":"Bosh expres\u00f3 su descontento por un nuevo ataque vand\u00e1lico en la Sociedad Rural"},"content":{"rendered":"<p>En comunicaci\u00f3n telef\u00f3nica con el periodista Jorge G\u00f3mez durante la ma\u00f1ana de \u201cVoces de la Ciudad\u201d, el presidente de la Sociedad Rural de Necochea, Patricio Bosch, expres\u00f3 su descontento ante un nuevo ataque de vandalismo sufrido por la instituci\u00f3n, en este caso con un mensaje a favor de la vicepresidenta Cristina Fern\u00e1ndez de Kirchner, en el marco del juicio por presunta corrupci\u00f3n en obras p\u00fablicas.<\/p>\n<p>\u201cJueces macristas no jodan con Cristina\u201d, reza la pintada en el frente de la Sociedad Rural local, cuesti\u00f3n que Bosch defini\u00f3 de la siguiente manera: \u201cEs la tercera o cuarta vez que pintan la pared, y no solo es el mensaje que dejan sino el escrache a la fachada\u00bb<\/p>\n<p>\u00abTratamos de mantener las cosas bien pero esto te da fastidio, todo por esta gente que quiere la impunidad\u2026 creo que es una forma de apretar pol\u00edticamente, es la \u00fanica que tienen, y es un mensaje que se ha difundido por todo el pa\u00eds. Lamentablemente tenemos que volver a pintar\u201d, agreg\u00f3.<\/p>\n<p>Bosch sigui\u00f3 su reflexi\u00f3n al aducir que \u201cel mensaje es general, es crear un poco el odio en la sociedad y aumentar la grieta\u201d, pero \u201cla justicia, les guste o no les guste, con sus defectos y virtudes, est\u00e1 trabajando y en este caso lo ha hecho con profesionalismo y l\u00f3gicamente no les gusta. A veces hemos estado en acuerdo o desacuerdo, pero el alegato del fiscal Luciani ha sido impecable y las pruebas son muy claras\u201d, agreg\u00f3.<\/p>\n<p>Mientras tanto, al ser consultado sobre el hecho de que se cree que el sector del campo es contrario pol\u00edtica y econ\u00f3micamente al gobierno peronista, manifest\u00f3 que \u201cnos pusieron ese mote por la 125 en 2008 con todos aquellos enfrentamientos rid\u00edculos de la sociedad, y es parte de sus m\u00e9todos que no entiendo, pero nosotros como entidad del campo, si bien cada uno tiene su visi\u00f3n pol\u00edtica, tenemos que hablar con todos los gobiernos y de hecho lo hemos hecho en Necochea con todas las administraciones municipales\u201d.<\/p>\n<p>Ampli\u00f3 al respecto Bosch que \u201cnuestra situaci\u00f3n es por supuesto reclamar por nuestros derechos, pero como instituci\u00f3n no tenemos un color pol\u00edtico, nosotros estamos para producir\u201d, y concluy\u00f3 que \u201cescrachar las paredes de tu propia ciudad es algo que ya habr\u00eda que dejar de lado, hay que abandonar esa forma de comunicarnos tan inorg\u00e1nica porque es transformar la ciudad en un basural, aunque como argentinos lamentablemente nos acostumbramos\u201d.<\/p>\n","protected":false},"excerpt":{"rendered":"<p>En comunicaci\u00f3n telef\u00f3nica con el periodista Jorge G\u00f3mez durante la ma\u00f1ana de \u201cVoces de la Ciudad\u201d, el presidente de la Sociedad Rural de Necochea, Patricio Bosch, expres\u00f3 su descontento ante un nuevo ataque de vandalismo sufrido por la instituci\u00f3n, en este caso con un mensaje a favor de la vicepresidenta Cristina Fern\u00e1ndez de Kirchner, en [&hellip;]<\/p>\n","protected":false},"author":3,"featured_media":92904,"comment_status":"closed","ping_status":"closed","sticky":false,"template":"","format":"standard","meta":{"footnotes":""},"categories":[3],"tags":[],"class_list":["post-92903","post","type-post","status-publish","format-standard","has-post-thumbnail","category-masnoticias"],"_links":{"self":[{"href":"https:\/\/primicias2262.com\/noticias\/wp-json\/wp\/v2\/posts\/92903","targetHints":{"allow":["GET"]}}],"collection":[{"href":"https:\/\/primicias2262.com\/noticias\/wp-json\/wp\/v2\/posts"}],"about":[{"href":"https:\/\/primicias2262.com\/noticias\/wp-json\/wp\/v2\/types\/post"}],"author":[{"embeddable":true,"href":"https:\/\/primicias2262.com\/noticias\/wp-json\/wp\/v2\/users\/3"}],"replies":[{"embeddable":true,"href":"https:\/\/primicias2262.com\/noticias\/wp-json\/wp\/v2\/comments?post=92903"}],"version-history":[{"count":0,"href":"https:\/\/primicias2262.com\/noticias\/wp-json\/wp\/v2\/posts\/92903\/revisions"}],"wp:attachment":[{"href":"https:\/\/primicias2262.com\/noticias\/wp-json\/wp\/v2\/media?parent=92903"}],"wp:term":[{"taxonomy":"category","embeddable":true,"href":"https:\/\/primicias2262.com\/noticias\/wp-json\/wp\/v2\/categories?post=92903"},{"taxonomy":"post_tag","embeddable":true,"href":"https:\/\/primicias2262.com\/noticias\/wp-json\/wp\/v2\/tags?post=92903"}],"curies":[{"name":"wp","href":"https:\/\/api.w.org\/{rel}","templated":true}]}}