{"id":92906,"date":"2022-08-24T14:31:18","date_gmt":"2022-08-24T17:31:18","guid":{"rendered":"https:\/\/primicias2262.com\/?p=92906"},"modified":"2022-08-24T14:31:18","modified_gmt":"2022-08-24T17:31:18","slug":"varias-editoriales-independientes-estaran-en-la-feria-del-libro-y-autores","status":"publish","type":"post","link":"https:\/\/primicias2262.com\/noticias\/varias-editoriales-independientes-estaran-en-la-feria-del-libro-y-autores\/","title":{"rendered":"Varias editoriales independientes estar\u00e1n en la Feria del Libro y Autores"},"content":{"rendered":"<p>La Feria del Libro y Autores \u201cRema que Rema\u201d quedar\u00e1 inaugurada el este jueves 25 de agosto mientras que la <strong>apertura de los stands se producir\u00e1 el viernes a las 15:00 horas <\/strong>y estar\u00e1n abiertos al p\u00fablico hasta las 21:30 horas, al igual que el s\u00e1bado.<\/p>\n<p>El evento es organizado por el Centro Cultural Necochea Biblioteca Andr\u00e9s Ferreyra (CCN\/BPAF) con el apoyo del Ministerio de Cultura de la Naci\u00f3n y se caracteriza por la presentaci\u00f3n de las publicaciones de editoriales autogestivas provenientes de distintas partes del pa\u00eds.<\/p>\n<p>Este a\u00f1o, \u201cEdiciones bonaerenses\u201d, la editorial de la provincia de Buenos Aires, estar\u00e1 presente con sus publicaciones \u201cContra cielo plomizo\u201d, \u201cBuenos Aires fant\u00e1stica\u201d y \u201cAntecedentes y textos constitucionales de la Provincia de Buenos Aires (1820-1994)\u201d, \u201cLuces de Mercurio\u201d, \u201cHaroldo Conti en prensa (1955-1976)\u201d y \u00abPasajeras esas nubes\u00bb. Esta \u00faltima es una antolog\u00eda de poes\u00eda en la que participa <strong>Lorena Curruhinca, quien brindar\u00e1 una charla en esta misma Feria, el viernes a las 18:00 horas<\/strong>.<\/p>\n<p>Adem\u00e1s estar\u00e1n las siguientes editoriales, con sus producciones a la venta:<\/p>\n<ul>\n<li>Pupek y Milena Cacerola<\/li>\n<li>Gerbera (distribuidora)<\/li>\n<li>La Coop (distribuidora)<\/li>\n<li>Hemisferio Derecho (distribuidora)<\/li>\n<li>Reloj de arena<\/li>\n<li>Es Pulpa (MDP)<\/li>\n<li>At\u00e1vica (MDP)<\/li>\n<li>Club Moner\u00edas (MDP)<\/li>\n<li>Caravana (Tres Arroyos)<\/li>\n<li>Papeles pintados<\/li>\n<li>L\u00e1grimas de circe<\/li>\n<li>Herensuge<\/li>\n<\/ul>\n<p>&nbsp;<\/p>\n<ul>\n<li>Impo\u00e9tica<\/li>\n<li>Milenio oscuro<\/li>\n<li>Mesa de autores y autoras locales.<\/li>\n<\/ul>\n","protected":false},"excerpt":{"rendered":"<p>La Feria del Libro y Autores \u201cRema que Rema\u201d quedar\u00e1 inaugurada el este jueves 25 de agosto mientras que la apertura de los stands se producir\u00e1 el viernes a las 15:00 horas y estar\u00e1n abiertos al p\u00fablico hasta las 21:30 horas, al igual que el s\u00e1bado. El evento es organizado por el Centro Cultural Necochea [&hellip;]<\/p>\n","protected":false},"author":3,"featured_media":92778,"comment_status":"closed","ping_status":"closed","sticky":false,"template":"","format":"standard","meta":{"footnotes":""},"categories":[3],"tags":[],"class_list":["post-92906","post","type-post","status-publish","format-standard","has-post-thumbnail","category-masnoticias"],"_links":{"self":[{"href":"https:\/\/primicias2262.com\/noticias\/wp-json\/wp\/v2\/posts\/92906","targetHints":{"allow":["GET"]}}],"collection":[{"href":"https:\/\/primicias2262.com\/noticias\/wp-json\/wp\/v2\/posts"}],"about":[{"href":"https:\/\/primicias2262.com\/noticias\/wp-json\/wp\/v2\/types\/post"}],"author":[{"embeddable":true,"href":"https:\/\/primicias2262.com\/noticias\/wp-json\/wp\/v2\/users\/3"}],"replies":[{"embeddable":true,"href":"https:\/\/primicias2262.com\/noticias\/wp-json\/wp\/v2\/comments?post=92906"}],"version-history":[{"count":0,"href":"https:\/\/primicias2262.com\/noticias\/wp-json\/wp\/v2\/posts\/92906\/revisions"}],"wp:attachment":[{"href":"https:\/\/primicias2262.com\/noticias\/wp-json\/wp\/v2\/media?parent=92906"}],"wp:term":[{"taxonomy":"category","embeddable":true,"href":"https:\/\/primicias2262.com\/noticias\/wp-json\/wp\/v2\/categories?post=92906"},{"taxonomy":"post_tag","embeddable":true,"href":"https:\/\/primicias2262.com\/noticias\/wp-json\/wp\/v2\/tags?post=92906"}],"curies":[{"name":"wp","href":"https:\/\/api.w.org\/{rel}","templated":true}]}}