{"id":92922,"date":"2022-08-25T14:05:35","date_gmt":"2022-08-25T17:05:35","guid":{"rendered":"https:\/\/primicias2262.com\/?p=92922"},"modified":"2022-08-25T14:05:35","modified_gmt":"2022-08-25T17:05:35","slug":"como-puede-ser-que-alguien-se-suba-arriba-del-lomo-de-la-ballena-y-encima-salude","status":"publish","type":"post","link":"https:\/\/primicias2262.com\/noticias\/como-puede-ser-que-alguien-se-suba-arriba-del-lomo-de-la-ballena-y-encima-salude\/","title":{"rendered":"\u201cC\u00f3mo puede ser que alguien se suba arriba del lomo de la ballena y encima salude\u201d"},"content":{"rendered":"<p>Carlos Leo, abogado de profesi\u00f3n y proteccionista de la fauna local, se refiri\u00f3 al sumo cuidado y concientizaci\u00f3n que deber\u00eda haber de los animales, y mostr\u00f3 todo su descontento por el desconocimiento y el accionar de algunas personas con la aparici\u00f3n de ballenas en los \u00faltimos d\u00edas en nuestras costas.<\/p>\n<p>Durante una nota realizada por el periodista Jorge G\u00f3mez en los estudios de \u201cVoces de la Ciudad\u201d, se\u00f1al\u00f3 que \u201cen este momento tenemos en Necochea la ballena mariposa, la gaucha y la segunda, que son las que rozan nuestra costa, pasan todos los a\u00f1os con sus cr\u00edas y si nosotros interrumpimos esa memoria impl\u00edcita de las ballenas les hacemos un da\u00f1o, porque autom\u00e1ticamente cambiar\u00e1n el rumbo y no s\u00f3lo se pierden sino que las cr\u00edas pierden la caza y el alimento y pueden llegar a morir\u201d.<\/p>\n<p>El comentario vino a cuenta de que Leo poste\u00f3 en redes sociales que \u201cahora se nos ocurre joder a las ballenas\u201d, a lo que argument\u00f3 que \u201cno es un capricho m\u00edo, sino que hay una Ley, la 2381, que debe aplicarse en toda la plataforma submarina, y versa que todo tipo de embarcaciones, buzos, kayak y velero no deben acercarse a menos de 100 metros de los cet\u00e1ceos porque le producen un da\u00f1o\u201d.<\/p>\n<p>\u201cEl esp\u00edritu de la ley es proteger a la ballena y al ser humano: un chorro de esa ballena cuando exhala es como una manguera de bombero, si te pega en el cuerpo tiene una presi\u00f3n b\u00e1rbara\u201d, manifest\u00f3, as\u00ed que \u201cme extra\u00f1a de gente navegante que est\u00e1 instruida en el tema, c\u00f3mo puede ser que alguien se suba arriba del lomo de la ballena y salude, estamos todos locos, esto no puede ser, tenemos que protegerlas, como a los lobos marinos, elefantes marinos, gaviotas grises que vienen de la Ant\u00e1rtida y ejemplares de cormor\u00e1n imperial que tambi\u00e9n vienen de la Ant\u00e1rtida\u201d.<\/p>\n<p>En ese marco, pidi\u00f3 que Necochea necesita urgente un centro descentralizado de interpretaci\u00f3n, \u201cque es un sitio donde se canaliza todo tipo de informaci\u00f3n de la vida silvestre de mam\u00edferos marinos y el medio ambiente, y es la informaci\u00f3n que debemos tener para que el habitante de la ciudad y el turista sepa qu\u00e9 especies tenemos\u201d.<\/p>\n<p>Por otra parte, se refiri\u00f3 al caso del carpincho que se conoci\u00f3 en los \u00faltimos d\u00edas. \u201cEl s\u00e1bado vecinos denuncian la existencia de un carpincho en inmediaciones del Hogar Raimondi, me avisaron y fui a custodiarlo para que no se acerquen las personas. Estaba sobre el mar y me qued\u00e9 hasta casi las 9 de la noche en custodia, el carpincho iba ascendiendo hacia los m\u00e9danos, yo ten\u00eda fr\u00edo y fui a casa a buscar un abrigo, cuando vuelvo el carpincho no estaba a la vista y me fui tranquilo pensando que estaba entre los m\u00e9danos\u201d.<\/p>\n<p>\u201cEl domingo me encuentro con una foto que dec\u00eda que el carpincho hab\u00eda sido baleado, a lo que yo poste\u00e9 con una carga emotiva fuerte pero lo puse con signo de interrogaci\u00f3n, as\u00ed que me dirig\u00ed a la playa el lunes y evidentemente se confundi\u00f3 el golpe de un veh\u00edculo en el ojo con un balazo, as\u00ed que nobleza obliga tuve que explicar lo que sucedi\u00f3 para que la gente sepa la verdad\u00bb, manifest\u00f3<\/p>\n<p>\u201cAnte una circunstancia similar, hay que seguir concientizando y lo aconsejable seg\u00fan el protocolo es que no hay que molestarlo al carpincho y hay que dejarlo que descanse. De d\u00eda estaba indeciso y a la noche cuando pudo recalar hacia la arena lo atropellaron\u201d, concluy\u00f3.<\/p>\n","protected":false},"excerpt":{"rendered":"<p>Carlos Leo, abogado de profesi\u00f3n y proteccionista de la fauna local, se refiri\u00f3 al sumo cuidado y concientizaci\u00f3n que deber\u00eda haber de los animales, y mostr\u00f3 todo su descontento por el desconocimiento y el accionar de algunas personas con la aparici\u00f3n de ballenas en los \u00faltimos d\u00edas en nuestras costas. Durante una nota realizada por [&hellip;]<\/p>\n","protected":false},"author":3,"featured_media":92923,"comment_status":"closed","ping_status":"closed","sticky":false,"template":"","format":"standard","meta":{"footnotes":""},"categories":[3],"tags":[],"class_list":["post-92922","post","type-post","status-publish","format-standard","has-post-thumbnail","category-masnoticias"],"_links":{"self":[{"href":"https:\/\/primicias2262.com\/noticias\/wp-json\/wp\/v2\/posts\/92922","targetHints":{"allow":["GET"]}}],"collection":[{"href":"https:\/\/primicias2262.com\/noticias\/wp-json\/wp\/v2\/posts"}],"about":[{"href":"https:\/\/primicias2262.com\/noticias\/wp-json\/wp\/v2\/types\/post"}],"author":[{"embeddable":true,"href":"https:\/\/primicias2262.com\/noticias\/wp-json\/wp\/v2\/users\/3"}],"replies":[{"embeddable":true,"href":"https:\/\/primicias2262.com\/noticias\/wp-json\/wp\/v2\/comments?post=92922"}],"version-history":[{"count":0,"href":"https:\/\/primicias2262.com\/noticias\/wp-json\/wp\/v2\/posts\/92922\/revisions"}],"wp:attachment":[{"href":"https:\/\/primicias2262.com\/noticias\/wp-json\/wp\/v2\/media?parent=92922"}],"wp:term":[{"taxonomy":"category","embeddable":true,"href":"https:\/\/primicias2262.com\/noticias\/wp-json\/wp\/v2\/categories?post=92922"},{"taxonomy":"post_tag","embeddable":true,"href":"https:\/\/primicias2262.com\/noticias\/wp-json\/wp\/v2\/tags?post=92922"}],"curies":[{"name":"wp","href":"https:\/\/api.w.org\/{rel}","templated":true}]}}