{"id":92925,"date":"2022-08-25T14:17:19","date_gmt":"2022-08-25T17:17:19","guid":{"rendered":"https:\/\/primicias2262.com\/?p=92925"},"modified":"2022-08-25T14:17:19","modified_gmt":"2022-08-25T17:17:19","slug":"municipales-viajan-el-30-de-agosto-para-adherirse-a-la-movilizacion-de-fesimubo","status":"publish","type":"post","link":"https:\/\/primicias2262.com\/noticias\/municipales-viajan-el-30-de-agosto-para-adherirse-a-la-movilizacion-de-fesimubo\/","title":{"rendered":"Municipales viajan el 30 de agosto para adherirse a la movilizaci\u00f3n de FeSiMuBo"},"content":{"rendered":"<p>As\u00ed lo confirm\u00f3 el secretario Adjunto del Sindicato de Trabajadores Municipales de Necochea, Gast\u00f3n D\u00edaz, quien a\u00f1adi\u00f3 que \u201cmovilizaremos un micro con unos 60 compa\u00f1eros\u201d.<\/p>\n<p>Consultado en \u201cVoces de la Ciudad\u201d sobre el estado de alerta y movilizaci\u00f3n que har\u00e1 la FESIMUBO (Federaci\u00f3n de Sindicatos Municipales Bonaerenses) con Rub\u00e9n Garc\u00eda a la cabeza el martes 30 de agosto a partir de las 11 en Buenos Aires, D\u00edaz que \u201cvamos a acompa\u00f1ar esta movilizaci\u00f3n y varios compa\u00f1eros nos acompa\u00f1ar\u00e1n. Se podr\u00e1 resentir un poco el servicio en Necochea, pero no es que va haber un paro ac\u00e1 en la ciudad\u201d.<\/p>\n<p>Acto seguido, el gremialista local se\u00f1al\u00f3 que el reclamo es a nivel provincial por incumplimientos de la Ley 14.656, puntualmente por la convocatoria al Consejo Provincial del Empleo Municipal; por la modificaci\u00f3n de asignaciones familiares; por las situaciones de jubilados del IPS y por una eficiente prestaci\u00f3n de IOMA, acerca de lo que sintetiz\u00f3 sin vueltas que \u201csabemos lo p\u00e9simo que es, cada consulta m\u00ednima no baja de 2 mil pesos, y ni hablar de hacerse una intervenci\u00f3n quir\u00fargica\u2026 las prestaciones son ineficientes\u201d.<\/p>\n<p>En cuanto a la 14.656, D\u00edaz contextualiz\u00f3 que \u201ces la ley que nos regula a nosotros como empleados municipales, se sancion\u00f3 en 2014 y se empez\u00f3 a aplicar en 2016, derogando la vieja 11.757 que era nefasta con los trabajadores. La caracter\u00edstica principal que tiene la ley actual es la creaci\u00f3n de convenios colectivos para los sindicatos, nosotros lo tenemos sancionado a partir de 2017 y es una herramienta fundamental de los gremios para regular las relaciones laborales\u201d.<\/p>\n","protected":false},"excerpt":{"rendered":"<p>As\u00ed lo confirm\u00f3 el secretario Adjunto del Sindicato de Trabajadores Municipales de Necochea, Gast\u00f3n D\u00edaz, quien a\u00f1adi\u00f3 que \u201cmovilizaremos un micro con unos 60 compa\u00f1eros\u201d. Consultado en \u201cVoces de la Ciudad\u201d sobre el estado de alerta y movilizaci\u00f3n que har\u00e1 la FESIMUBO (Federaci\u00f3n de Sindicatos Municipales Bonaerenses) con Rub\u00e9n Garc\u00eda a la cabeza el martes [&hellip;]<\/p>\n","protected":false},"author":3,"featured_media":92926,"comment_status":"closed","ping_status":"closed","sticky":false,"template":"","format":"standard","meta":{"footnotes":""},"categories":[3],"tags":[],"class_list":["post-92925","post","type-post","status-publish","format-standard","has-post-thumbnail","category-masnoticias"],"_links":{"self":[{"href":"https:\/\/primicias2262.com\/noticias\/wp-json\/wp\/v2\/posts\/92925","targetHints":{"allow":["GET"]}}],"collection":[{"href":"https:\/\/primicias2262.com\/noticias\/wp-json\/wp\/v2\/posts"}],"about":[{"href":"https:\/\/primicias2262.com\/noticias\/wp-json\/wp\/v2\/types\/post"}],"author":[{"embeddable":true,"href":"https:\/\/primicias2262.com\/noticias\/wp-json\/wp\/v2\/users\/3"}],"replies":[{"embeddable":true,"href":"https:\/\/primicias2262.com\/noticias\/wp-json\/wp\/v2\/comments?post=92925"}],"version-history":[{"count":0,"href":"https:\/\/primicias2262.com\/noticias\/wp-json\/wp\/v2\/posts\/92925\/revisions"}],"wp:attachment":[{"href":"https:\/\/primicias2262.com\/noticias\/wp-json\/wp\/v2\/media?parent=92925"}],"wp:term":[{"taxonomy":"category","embeddable":true,"href":"https:\/\/primicias2262.com\/noticias\/wp-json\/wp\/v2\/categories?post=92925"},{"taxonomy":"post_tag","embeddable":true,"href":"https:\/\/primicias2262.com\/noticias\/wp-json\/wp\/v2\/tags?post=92925"}],"curies":[{"name":"wp","href":"https:\/\/api.w.org\/{rel}","templated":true}]}}