{"id":92928,"date":"2022-08-25T14:28:06","date_gmt":"2022-08-25T17:28:06","guid":{"rendered":"https:\/\/primicias2262.com\/?p=92928"},"modified":"2022-08-25T14:28:06","modified_gmt":"2022-08-25T17:28:06","slug":"las-plazas-scouts-y-del-barrio-tilos-3-tienen-moderna-iluminacion-led","status":"publish","type":"post","link":"https:\/\/primicias2262.com\/noticias\/las-plazas-scouts-y-del-barrio-tilos-3-tienen-moderna-iluminacion-led\/","title":{"rendered":"Las plazas Scouts y del barrio Tilos 3 tienen moderna iluminaci\u00f3n Led"},"content":{"rendered":"<p><strong>Con recursos propios de la comuna, la nueva tecnolog\u00eda lleg\u00f3 a estos espacios p\u00fablicos para mejorar la seguridad de la zona y generar nuevos puntos de encuentro para la comunidad. En total, se colocaron 25 luminarias de 150 y dos reflectores de 180 W.<\/strong><\/p>\n<p>Culminando un operativo que comenz\u00f3 apenas comenzada la semana, en la tarde de este mi\u00e9rcoles quedaron totalmente iluminados con la nueva tecnolog\u00eda Led otros dos importantes espacios p\u00fablicos de la ciudad de Necochea. En este caso, las beneficiadas fueron la Plaza Scouts, ubicada en la intersecci\u00f3n de las avenidas 75 y 74, y la que est\u00e1 enclavada en el centro del Barrio Los Tilos 3, entre las calles 85 bis y 87 bis, desde 100 hasta 102.<\/p>\n<p>De esta manera, se empieza a cristalizar una de las principales metas del Ejecutivo con respecto a la iluminaci\u00f3n integral del distrito, que contempla -adem\u00e1s de las arterias principales- numerosos espacios de uso cotidiano para la comunidad, tales como las plazas de las Carretas, Isabel La Cat\u00f3lica o Hip\u00f3lito Yrigoyen de Quequ\u00e9n, que ya fueron alumbradas, o las otras cinco que llegar\u00e1n pr\u00f3ximamente.<\/p>\n<p>No es menor destacar que a este accionar se suman los trabajos respectivos realizados sobre ambas costaneras, los senderos del Parque Miguel Lillo o la ribera del R\u00edo Quequ\u00e9n, entre otros paseos \u00fatiles para el esparcimiento, la recreaci\u00f3n y el deporte.<\/p>\n","protected":false},"excerpt":{"rendered":"<p>Con recursos propios de la comuna, la nueva tecnolog\u00eda lleg\u00f3 a estos espacios p\u00fablicos para mejorar la seguridad de la zona y generar nuevos puntos de encuentro para la comunidad. En total, se colocaron 25 luminarias de 150 y dos reflectores de 180 W. Culminando un operativo que comenz\u00f3 apenas comenzada la semana, en la [&hellip;]<\/p>\n","protected":false},"author":3,"featured_media":92929,"comment_status":"closed","ping_status":"closed","sticky":false,"template":"","format":"standard","meta":{"footnotes":""},"categories":[3],"tags":[],"class_list":["post-92928","post","type-post","status-publish","format-standard","has-post-thumbnail","category-masnoticias"],"_links":{"self":[{"href":"https:\/\/primicias2262.com\/noticias\/wp-json\/wp\/v2\/posts\/92928","targetHints":{"allow":["GET"]}}],"collection":[{"href":"https:\/\/primicias2262.com\/noticias\/wp-json\/wp\/v2\/posts"}],"about":[{"href":"https:\/\/primicias2262.com\/noticias\/wp-json\/wp\/v2\/types\/post"}],"author":[{"embeddable":true,"href":"https:\/\/primicias2262.com\/noticias\/wp-json\/wp\/v2\/users\/3"}],"replies":[{"embeddable":true,"href":"https:\/\/primicias2262.com\/noticias\/wp-json\/wp\/v2\/comments?post=92928"}],"version-history":[{"count":0,"href":"https:\/\/primicias2262.com\/noticias\/wp-json\/wp\/v2\/posts\/92928\/revisions"}],"wp:attachment":[{"href":"https:\/\/primicias2262.com\/noticias\/wp-json\/wp\/v2\/media?parent=92928"}],"wp:term":[{"taxonomy":"category","embeddable":true,"href":"https:\/\/primicias2262.com\/noticias\/wp-json\/wp\/v2\/categories?post=92928"},{"taxonomy":"post_tag","embeddable":true,"href":"https:\/\/primicias2262.com\/noticias\/wp-json\/wp\/v2\/tags?post=92928"}],"curies":[{"name":"wp","href":"https:\/\/api.w.org\/{rel}","templated":true}]}}