{"id":92932,"date":"2022-08-26T09:58:49","date_gmt":"2022-08-26T12:58:49","guid":{"rendered":"https:\/\/primicias2262.com\/?p=92932"},"modified":"2022-08-26T09:58:49","modified_gmt":"2022-08-26T12:58:49","slug":"el-estado-en-tu-barrio-llego-a-la-dulce","status":"publish","type":"post","link":"https:\/\/primicias2262.com\/noticias\/el-estado-en-tu-barrio-llego-a-la-dulce\/","title":{"rendered":"El Estado en tu Barrio lleg\u00f3 a La Dulce"},"content":{"rendered":"<p><strong>Se desarroll\u00f3 el Operativo \u00abEl Estado en tu Barrio\u00bb en la vecina localidad de La Dulce, en la sede del Club Social Deportivo y Recreativo Nicanor Olivera, donde la comitiva del programa fue recibida por las autoridades de dicha entidad, Miguel Far\u00edas y Claudia Aranda.<\/strong><\/p>\n<p>En esta oportunidad el programa cont\u00f3 con la presencia del Ministerio de Trabajo de la Naci\u00f3n, a trav\u00e9s de Juan Pablo Borrelli; del Centro de Referencia del Ministerio Desarrollo Social a cargo de J\u00e9sica Arce; AFIP; INAES a cargo de Diego Britos; Agencia Nacional de Discapacidad, con Vanesa Salda\u00f1o Slam; Centro de Econom\u00eda Popular, Luciano Lescano; Defensor\u00eda del Pueblo de la Provincia de Buenos Aires, Luciano Cardoni; INADI, Jos\u00e9 Solde y Ministerio de Trabajo de la Prov. de Bs As, Natalia Steffen.<\/p>\n<p>La jornada en La Dulce cont\u00f3 a su vez con la presencia de los delegados del distrito: el de la localidad anfitriona, Ra\u00fal Mart\u00ednez; el delegado de Juan N Fern\u00e1ndez, Guillermo Schuenemann y el delegado de Claraz, Jos\u00e9 Garc\u00eda.<\/p>\n<p>En ese marco, tambi\u00e9n estuvo presente el Cami\u00f3n de la Econom\u00eda Popular y un espacio educativo vial para los ni\u00f1os que contaba con cartings a pedal.<\/p>\n<p>\u201cSeguiremos recorriendo cada localidad de nuestro distrito, acercando el Estado a la gente\u201d, aseguraron desde la organizaci\u00f3n.<\/p>\n","protected":false},"excerpt":{"rendered":"<p>Se desarroll\u00f3 el Operativo \u00abEl Estado en tu Barrio\u00bb en la vecina localidad de La Dulce, en la sede del Club Social Deportivo y Recreativo Nicanor Olivera, donde la comitiva del programa fue recibida por las autoridades de dicha entidad, Miguel Far\u00edas y Claudia Aranda. En esta oportunidad el programa cont\u00f3 con la presencia del [&hellip;]<\/p>\n","protected":false},"author":3,"featured_media":92933,"comment_status":"closed","ping_status":"closed","sticky":false,"template":"","format":"standard","meta":{"footnotes":""},"categories":[3],"tags":[],"class_list":["post-92932","post","type-post","status-publish","format-standard","has-post-thumbnail","category-masnoticias"],"_links":{"self":[{"href":"https:\/\/primicias2262.com\/noticias\/wp-json\/wp\/v2\/posts\/92932","targetHints":{"allow":["GET"]}}],"collection":[{"href":"https:\/\/primicias2262.com\/noticias\/wp-json\/wp\/v2\/posts"}],"about":[{"href":"https:\/\/primicias2262.com\/noticias\/wp-json\/wp\/v2\/types\/post"}],"author":[{"embeddable":true,"href":"https:\/\/primicias2262.com\/noticias\/wp-json\/wp\/v2\/users\/3"}],"replies":[{"embeddable":true,"href":"https:\/\/primicias2262.com\/noticias\/wp-json\/wp\/v2\/comments?post=92932"}],"version-history":[{"count":0,"href":"https:\/\/primicias2262.com\/noticias\/wp-json\/wp\/v2\/posts\/92932\/revisions"}],"wp:attachment":[{"href":"https:\/\/primicias2262.com\/noticias\/wp-json\/wp\/v2\/media?parent=92932"}],"wp:term":[{"taxonomy":"category","embeddable":true,"href":"https:\/\/primicias2262.com\/noticias\/wp-json\/wp\/v2\/categories?post=92932"},{"taxonomy":"post_tag","embeddable":true,"href":"https:\/\/primicias2262.com\/noticias\/wp-json\/wp\/v2\/tags?post=92932"}],"curies":[{"name":"wp","href":"https:\/\/api.w.org\/{rel}","templated":true}]}}