{"id":92936,"date":"2022-08-26T08:59:26","date_gmt":"2022-08-26T11:59:26","guid":{"rendered":"https:\/\/primicias2262.com\/?p=92936"},"modified":"2022-08-26T08:59:26","modified_gmt":"2022-08-26T11:59:26","slug":"se-anuncia-un-fin-de-semana-ventoso-y-con-posibles-chaparrones","status":"publish","type":"post","link":"https:\/\/primicias2262.com\/noticias\/se-anuncia-un-fin-de-semana-ventoso-y-con-posibles-chaparrones\/","title":{"rendered":"Se anuncia un fin de semana ventoso y con posibles chaparrones"},"content":{"rendered":"<p><strong>Rige una alerta del SMN para la regi\u00f3n por fuertes vientos desde la tarde de este s\u00e1bado, situaci\u00f3n que podr\u00eda adelantarse para hoy en el norte del distrito. \u00a0<\/strong><\/p>\n<p>Despu\u00e9s de las heladas de la madrugada, el sol comienza a calentar la ma\u00f1ana de un viernes en el que se esperan 16 grados de m\u00e1xima y vientos del sector norte soplando a no m\u00e1s de 22 kil\u00f3metros horarios, aunque, por la tarde, podr\u00edan suscitarse algunas tormentas aisladas.<\/p>\n<p>Seg\u00fan pronostica el Servicio Meteorol\u00f3gico Nacional, a trav\u00e9s de una alerta amarilla, las condiciones comenzar\u00edan a cambiar ni bien comenzado el s\u00e1bado y toda la regi\u00f3n podr\u00eda ser afectada por vientos del sector sur con velocidades de entre 30 y 50 km\/h, y r\u00e1fagas que podr\u00edan alcanzar los 70 km\/h.<\/p>\n<p>As\u00ed, la temperatura tambi\u00e9n ir\u00eda en descenso y los picos ser\u00e1n de 11\u00baC ese d\u00eda y tan solo de 10 el domingo, para cuando se esperan que algunos chaparrones merodeen el distrito durante parte de la madrugada y tambi\u00e9n a la ma\u00f1ana.<\/p>\n<p>Otra vez, los vientos podr\u00edan ser fuertes esa tarde, direccionados desde el sector suroeste y a una velocidad de entre 42 y 50 kil\u00f3metros horarios, de acuerdo a la informado por la entidad nacional.<\/p>\n","protected":false},"excerpt":{"rendered":"<p>Rige una alerta del SMN para la regi\u00f3n por fuertes vientos desde la tarde de este s\u00e1bado, situaci\u00f3n que podr\u00eda adelantarse para hoy en el norte del distrito. \u00a0 Despu\u00e9s de las heladas de la madrugada, el sol comienza a calentar la ma\u00f1ana de un viernes en el que se esperan 16 grados de m\u00e1xima [&hellip;]<\/p>\n","protected":false},"author":3,"featured_media":72010,"comment_status":"closed","ping_status":"closed","sticky":false,"template":"","format":"standard","meta":{"footnotes":""},"categories":[3],"tags":[],"class_list":["post-92936","post","type-post","status-publish","format-standard","has-post-thumbnail","category-masnoticias"],"_links":{"self":[{"href":"https:\/\/primicias2262.com\/noticias\/wp-json\/wp\/v2\/posts\/92936","targetHints":{"allow":["GET"]}}],"collection":[{"href":"https:\/\/primicias2262.com\/noticias\/wp-json\/wp\/v2\/posts"}],"about":[{"href":"https:\/\/primicias2262.com\/noticias\/wp-json\/wp\/v2\/types\/post"}],"author":[{"embeddable":true,"href":"https:\/\/primicias2262.com\/noticias\/wp-json\/wp\/v2\/users\/3"}],"replies":[{"embeddable":true,"href":"https:\/\/primicias2262.com\/noticias\/wp-json\/wp\/v2\/comments?post=92936"}],"version-history":[{"count":0,"href":"https:\/\/primicias2262.com\/noticias\/wp-json\/wp\/v2\/posts\/92936\/revisions"}],"wp:attachment":[{"href":"https:\/\/primicias2262.com\/noticias\/wp-json\/wp\/v2\/media?parent=92936"}],"wp:term":[{"taxonomy":"category","embeddable":true,"href":"https:\/\/primicias2262.com\/noticias\/wp-json\/wp\/v2\/categories?post=92936"},{"taxonomy":"post_tag","embeddable":true,"href":"https:\/\/primicias2262.com\/noticias\/wp-json\/wp\/v2\/tags?post=92936"}],"curies":[{"name":"wp","href":"https:\/\/api.w.org\/{rel}","templated":true}]}}