{"id":92954,"date":"2022-08-26T14:39:42","date_gmt":"2022-08-26T17:39:42","guid":{"rendered":"https:\/\/primicias2262.com\/?p=92954"},"modified":"2022-08-26T14:39:42","modified_gmt":"2022-08-26T17:39:42","slug":"la-compania-arrate-presentara-el-martes-30-a-tito-un-auto-totalmente-electrico","status":"publish","type":"post","link":"https:\/\/primicias2262.com\/noticias\/la-compania-arrate-presentara-el-martes-30-a-tito-un-auto-totalmente-electrico\/","title":{"rendered":"La Compa\u00f1\u00eda Arrate presentar\u00e1 el martes 30 a Tito, un auto totalmente el\u00e9ctrico"},"content":{"rendered":"<p><strong>El novedoso veh\u00edculo lleg\u00f3 el jueves por la noche a la ciudad y ser\u00e1 presentado en la agencia de 80 y 59 el venidero martes 30 de agosto a partir de las 9 de la ma\u00f1ana.<\/strong><\/p>\n<p>En di\u00e1logo sobre este tema con el periodista Jorge G\u00f3mez en \u201cVoces de la Ciudad\u201d, el empresario Jos\u00e9 Luis \u201cLilo\u201d Arrate habl\u00f3 sobre la nueva l\u00ednea de veh\u00edculos el\u00e9ctricos sustentables, que es lo que se viene.<\/p>\n<p>\u201cAparte de una tendencia en el mundo tambi\u00e9n se vienen normas obligatorias, en algunos pa\u00edses a partir de 2035 ya estar\u00e1 prohibida la fabricaci\u00f3n de veh\u00edculos de combusti\u00f3n interna, en Argentina todo ese horizonte temporal se va a extender bastante m\u00e1s, pero es un hecho que en las pr\u00f3ximas d\u00e9cadas los \u00fanicos autos cero kil\u00f3metro que se van a comercializar ser\u00e1n de esta forma\u201d, puntualiz\u00f3<\/p>\n<p>Hecha esa aclaraci\u00f3n, el empresario habl\u00f3 de Tito y c\u00f3mo ser\u00e1 su presentaci\u00f3n. \u201cTito es un nombre simp\u00e1tico que tiene un auto el\u00e9ctrico de Argentina que lleg\u00f3 a Necochea y lo estaremos presentando el martes pr\u00f3ximo, 30 de agosto a partir de las 9 en la agencia de autos de 80 y 59, hasta las 19. Tendremos este veh\u00edculo que es 100% el\u00e9ctrico y de tres puertas y vamos a tener a disposici\u00f3n para hacer un test driver para el que quiera pasar y ver c\u00f3mo funciona su tecnolog\u00eda\u201d.<\/p>\n<p>En ese contexto, \u201caprovecharemos la oportunidad para presentar toda la l\u00ednea de eco movilidad, que hace un tiempo ya hemos ido incorporando con bicicletas el\u00e9ctricas, motos el\u00e9ctricas de diversas marcas y monopatines, as\u00ed que ser\u00e1 la presentaci\u00f3n de toda la l\u00ednea ecol\u00f3gica\u201d, se\u00f1al\u00f3 a la pasada Arrate.<\/p>\n<p>Volviendo a Tito, vale apuntar como adelanto a su presentaci\u00f3n en la sociedad necochense que es el primer veh\u00edculo el\u00e9ctrico fabricado en el pa\u00eds, con un 80% de componentes nacionales y sede en San Luis, un motor el\u00e9ctrico de 4.5, alcanza la velocidad m\u00e1xima de 65 km\/h y cuenta con unos 200 mil kil\u00f3metros de recorrido.<\/p>\n<p>Requiere como mantenimiento solo la revisi\u00f3n de los frenos, amortiguadores y neum\u00e1ticos y puede cargarse como un electrodom\u00e9stico de 220, enchufado durante la noche y con carga completa en un lapso entre 6 y 8 horas. \u201cPara que tengas una idea, el consumo de una hora de carga de este veh\u00edculo es la mitad de un secador de pelos\u201d, compar\u00f3 Arrate para demostrar lo poco que consume.<\/p>\n<p>A\u00f1adi\u00f3 que \u201cyo lo prob\u00e9 hace cuatro meses cuando estuvimos en San Luis, es de peque\u00f1as dimensiones\u201d, y revel\u00f3 acto seguido que \u201cla semana siguiente va a estar llegando la chata, que es la camioneta el\u00e9ctrica con 500 kilos de capacidad de carga y una velocidad m\u00e1xima de 45 km\/h, y tambi\u00e9n se ha homologado hace poco y llega en unos meses el Tito cinco puertas, con dos variantes de autonom\u00eda, 100 y 300 kil\u00f3metros\u201d.<\/p>\n<p>Si bien la comercializaci\u00f3n de Tito tiene como parte negativa que su llegada demora 150 d\u00edas, Arrate inform\u00f3 que \u201cen los costos, la bater\u00eda es lo m\u00e1s influyente y el valor de entrada del auto es de 2.300.000 pesos, bastante m\u00e1s barato que el auto m\u00e1s econ\u00f3mico de combusti\u00f3n interna\u201d.<\/p>\n<p>Sin embargo aclar\u00f3 que \u201clos veh\u00edculos que tenemos son de exhibici\u00f3n y no podemos entregarlos. Los colores se eligen, hay variedad de amarillo, naranja, negro, blanco, celeste o verde y la capacidad es de cuatro plazas, dejando poca capacidad para el ba\u00fal, o si no de dos plazas y el respaldo del asiento de atr\u00e1s se vuelca para adelante\u201d.<\/p>\n","protected":false},"excerpt":{"rendered":"<p>El novedoso veh\u00edculo lleg\u00f3 el jueves por la noche a la ciudad y ser\u00e1 presentado en la agencia de 80 y 59 el venidero martes 30 de agosto a partir de las 9 de la ma\u00f1ana. En di\u00e1logo sobre este tema con el periodista Jorge G\u00f3mez en \u201cVoces de la Ciudad\u201d, el empresario Jos\u00e9 Luis [&hellip;]<\/p>\n","protected":false},"author":3,"featured_media":92955,"comment_status":"closed","ping_status":"closed","sticky":false,"template":"","format":"standard","meta":{"footnotes":""},"categories":[3],"tags":[],"class_list":["post-92954","post","type-post","status-publish","format-standard","has-post-thumbnail","category-masnoticias"],"_links":{"self":[{"href":"https:\/\/primicias2262.com\/noticias\/wp-json\/wp\/v2\/posts\/92954","targetHints":{"allow":["GET"]}}],"collection":[{"href":"https:\/\/primicias2262.com\/noticias\/wp-json\/wp\/v2\/posts"}],"about":[{"href":"https:\/\/primicias2262.com\/noticias\/wp-json\/wp\/v2\/types\/post"}],"author":[{"embeddable":true,"href":"https:\/\/primicias2262.com\/noticias\/wp-json\/wp\/v2\/users\/3"}],"replies":[{"embeddable":true,"href":"https:\/\/primicias2262.com\/noticias\/wp-json\/wp\/v2\/comments?post=92954"}],"version-history":[{"count":0,"href":"https:\/\/primicias2262.com\/noticias\/wp-json\/wp\/v2\/posts\/92954\/revisions"}],"wp:attachment":[{"href":"https:\/\/primicias2262.com\/noticias\/wp-json\/wp\/v2\/media?parent=92954"}],"wp:term":[{"taxonomy":"category","embeddable":true,"href":"https:\/\/primicias2262.com\/noticias\/wp-json\/wp\/v2\/categories?post=92954"},{"taxonomy":"post_tag","embeddable":true,"href":"https:\/\/primicias2262.com\/noticias\/wp-json\/wp\/v2\/tags?post=92954"}],"curies":[{"name":"wp","href":"https:\/\/api.w.org\/{rel}","templated":true}]}}