{"id":92957,"date":"2022-08-27T14:41:44","date_gmt":"2022-08-27T17:41:44","guid":{"rendered":"https:\/\/primicias2262.com\/?p=92957"},"modified":"2022-08-27T14:41:44","modified_gmt":"2022-08-27T17:41:44","slug":"colocaron-la-posta-de-salud-y-prevencion-en-10-y-183-y-en-pocos-dias-estara-operativa","status":"publish","type":"post","link":"https:\/\/primicias2262.com\/noticias\/colocaron-la-posta-de-salud-y-prevencion-en-10-y-183-y-en-pocos-dias-estara-operativa\/","title":{"rendered":"Colocaron la posta de Salud y Prevenci\u00f3n en 10 y 183 y en pocos d\u00edas estar\u00e1 operativa"},"content":{"rendered":"<p><strong>\u201cEs fundamental el acercamiento del Estado para esta zona\u201d, afirm\u00f3 la secretaria de Gobierno, Gabriela G\u00f3ngora, en referencia a la extensi\u00f3n de servicios que en pocos d\u00edas comenzar\u00e1 a atender las inquietudes de los vecinos de Villa Zabala y Villa del Deportista.<\/strong><\/p>\n<p>El intendente Arturo Rojas, encabez\u00f3 este viernes la comitiva municipal que presenci\u00f3 la instalaci\u00f3n de la posta de Salud y Prevenci\u00f3n en 10 y 183, que extender\u00e1 los servicios a las barriadas de Villa del Deportista y Villa Zabala con el inicio de su funcionamiento en las semanas posteriores.<\/p>\n<p>La estructura de la posta fue instalada por la empresa local Containers Necochea, tal como se hab\u00eda adelantado con su titular, Jose Servat, el mes anterior, en vistas a hacer cumplir de esta manera las condiciones para la extensi\u00f3n de la concesi\u00f3n del camping de UATRE. Tras la aprobaci\u00f3n Concejo Deliberante de un proyecto en 2019 que autoriz\u00f3 a la Uni\u00f3n Argentina de Trabajadores Rurales y Estibadores a seguir utilizando y explotando el lote N\u00ba 3 de las Unidades Tur\u00edsticas Fiscales, en calle 187 entre 2 y 10 del Parque Miguel Lillo, tal sindicato ofreci\u00f3 \u201cla donaci\u00f3n de un contenedor de 12 metros por 5 metros, debidamente revestido, con sus aberturas, cerramientos y divisiones para el funcionamiento de una posta sanitaria y posta policial para ser instalado en el sector p\u00fablico de los campings\u201d.<\/p>\n<p>Junto al Intendente, presenciaron la colocaci\u00f3n del container las secretarias de Gobierno y Salud, Gabriela G\u00f3ngora y Andrea Perestiuk, respectivamente, como as\u00ed tambi\u00e9n el subsecretario e Ordenamiento Urbano y Fiscalizaci\u00f3n, Walter Calabretta; la directora de Concesiones, Ver\u00f3nica Dones; el director de Pol\u00edticas de Seguridad, \u00c1ngel V\u00e1zquez; y el concejal Guillermo S\u00e1nchez.<\/p>\n<p>Acto seguido a la recorrida por el interior de la futura posta, Gabriela G\u00f3ngora se\u00f1al\u00f3 que \u201ctomamos este desaf\u00edo que se ten\u00eda que cumplir en el gobierno anterior, con la responsabilidad del caso para que se pudiera cumplir durante estos cuatro a\u00f1os y es lo que estamos haciendo, creemos que en 15 d\u00edas estaremos inaugurando esta posta policial y de salud\u201d.<\/p>\n","protected":false},"excerpt":{"rendered":"<p>\u201cEs fundamental el acercamiento del Estado para esta zona\u201d, afirm\u00f3 la secretaria de Gobierno, Gabriela G\u00f3ngora, en referencia a la extensi\u00f3n de servicios que en pocos d\u00edas comenzar\u00e1 a atender las inquietudes de los vecinos de Villa Zabala y Villa del Deportista. El intendente Arturo Rojas, encabez\u00f3 este viernes la comitiva municipal que presenci\u00f3 la [&hellip;]<\/p>\n","protected":false},"author":3,"featured_media":92958,"comment_status":"closed","ping_status":"closed","sticky":false,"template":"","format":"standard","meta":{"footnotes":""},"categories":[3],"tags":[],"class_list":["post-92957","post","type-post","status-publish","format-standard","has-post-thumbnail","category-masnoticias"],"_links":{"self":[{"href":"https:\/\/primicias2262.com\/noticias\/wp-json\/wp\/v2\/posts\/92957","targetHints":{"allow":["GET"]}}],"collection":[{"href":"https:\/\/primicias2262.com\/noticias\/wp-json\/wp\/v2\/posts"}],"about":[{"href":"https:\/\/primicias2262.com\/noticias\/wp-json\/wp\/v2\/types\/post"}],"author":[{"embeddable":true,"href":"https:\/\/primicias2262.com\/noticias\/wp-json\/wp\/v2\/users\/3"}],"replies":[{"embeddable":true,"href":"https:\/\/primicias2262.com\/noticias\/wp-json\/wp\/v2\/comments?post=92957"}],"version-history":[{"count":0,"href":"https:\/\/primicias2262.com\/noticias\/wp-json\/wp\/v2\/posts\/92957\/revisions"}],"wp:attachment":[{"href":"https:\/\/primicias2262.com\/noticias\/wp-json\/wp\/v2\/media?parent=92957"}],"wp:term":[{"taxonomy":"category","embeddable":true,"href":"https:\/\/primicias2262.com\/noticias\/wp-json\/wp\/v2\/categories?post=92957"},{"taxonomy":"post_tag","embeddable":true,"href":"https:\/\/primicias2262.com\/noticias\/wp-json\/wp\/v2\/tags?post=92957"}],"curies":[{"name":"wp","href":"https:\/\/api.w.org\/{rel}","templated":true}]}}