{"id":92960,"date":"2022-08-26T14:52:05","date_gmt":"2022-08-26T17:52:05","guid":{"rendered":"https:\/\/primicias2262.com\/?p=92960"},"modified":"2022-08-26T14:52:05","modified_gmt":"2022-08-26T17:52:05","slug":"mestre-celebro-en-nuestra-ciudad-sus-5-anos-como-obispo-de-mar-del-plata","status":"publish","type":"post","link":"https:\/\/primicias2262.com\/noticias\/mestre-celebro-en-nuestra-ciudad-sus-5-anos-como-obispo-de-mar-del-plata\/","title":{"rendered":"Mestre celebr\u00f3 en nuestra ciudad sus 5 a\u00f1os como obispo de Mar del Plata"},"content":{"rendered":"<div class=\"l7ghb35v kjdc1dyq kmwttqpk gh25dzvf jikcssrz n3t5jt4f\">\n<p dir=\"auto\">Este viernes, el obispo Gabriel Mestre eligi\u00f3 la Capilla del Hogar Landera de nuestra ciudad para comenzar a celebrar sus cinco a\u00f1os de su consagraci\u00f3n episcopal, luego de que el Papa Francisco lo eligiera para conducir la di\u00f3cesis de Mar del Plata, de la que Necochea se caracteriza por ser la segunda ciudad m\u00e1s grande de la misma.<\/p>\n<p dir=\"auto\">All\u00ed di\u00f3 gracias a Dios por su ministerio que lleva adelante \u00abcon mucho esfuerzo\u00bb, acompa\u00f1ando las distintas realidades de la zona, articulando con los diversos actores sociales y animando al clero diocesano a trabajar sinodalmente \u00abpor el Bien Com\u00fan al fiel estilo de Jes\u00fas\u00bb.<\/p>\n<\/div>\n<div class=\"l7ghb35v kjdc1dyq kmwttqpk gh25dzvf jikcssrz n3t5jt4f\">\n<p dir=\"auto\">Representando a las distintas comunidades locales, se encontraban los presb\u00edteros Alejandro Mart\u00ednez de la parroquia de Lourdes junto con el candidato al Diaconado Permanente Fernando Roca; Fernando Mendoza de Santa Mar\u00eda del Carmen; Maximiliano Fr\u00edas por Nuestra Se\u00f1ora de Nueva Pompeya; Gonzalo Domench de Santa Teresita; Mario Fern\u00e1ndez de Nuestra Se\u00f1ora de la Merced y Juan Pablo Arrechea de Mar del Plata.<\/p>\n<p dir=\"auto\">Cabe destacar que Gabriel Mestre tiene 53 a\u00f1os, es el s\u00e9ptimo obispo de la Di\u00f3cesis de Mar del Plata y fue nombrado por el Papa Francisco el 18 de julio de 2017 y consagrado el 26 de agosto del mismo a\u00f1o, en la Catedral de los Santos Pedro y Cecilia, por su predecesor, Antonio Marino. Sus co-consagradores fueron el por entonces Arzobispo de Santa Fe de la Vera Cruz, Jos\u00e9 Mar\u00eda Arancedo y el Arzobispo de Paran\u00e1, Juan Alberto Puiggari.<\/p>\n<p dir=\"auto\"><strong>FOTO: Estefan\u00eda Dray<\/strong><\/p>\n<\/div>\n","protected":false},"excerpt":{"rendered":"<p>Este viernes, el obispo Gabriel Mestre eligi\u00f3 la Capilla del Hogar Landera de nuestra ciudad para comenzar a celebrar sus cinco a\u00f1os de su consagraci\u00f3n episcopal, luego de que el Papa Francisco lo eligiera para conducir la di\u00f3cesis de Mar del Plata, de la que Necochea se caracteriza por ser la segunda ciudad m\u00e1s grande [&hellip;]<\/p>\n","protected":false},"author":3,"featured_media":92961,"comment_status":"closed","ping_status":"closed","sticky":false,"template":"","format":"standard","meta":{"footnotes":""},"categories":[3],"tags":[],"class_list":["post-92960","post","type-post","status-publish","format-standard","has-post-thumbnail","category-masnoticias"],"_links":{"self":[{"href":"https:\/\/primicias2262.com\/noticias\/wp-json\/wp\/v2\/posts\/92960","targetHints":{"allow":["GET"]}}],"collection":[{"href":"https:\/\/primicias2262.com\/noticias\/wp-json\/wp\/v2\/posts"}],"about":[{"href":"https:\/\/primicias2262.com\/noticias\/wp-json\/wp\/v2\/types\/post"}],"author":[{"embeddable":true,"href":"https:\/\/primicias2262.com\/noticias\/wp-json\/wp\/v2\/users\/3"}],"replies":[{"embeddable":true,"href":"https:\/\/primicias2262.com\/noticias\/wp-json\/wp\/v2\/comments?post=92960"}],"version-history":[{"count":0,"href":"https:\/\/primicias2262.com\/noticias\/wp-json\/wp\/v2\/posts\/92960\/revisions"}],"wp:attachment":[{"href":"https:\/\/primicias2262.com\/noticias\/wp-json\/wp\/v2\/media?parent=92960"}],"wp:term":[{"taxonomy":"category","embeddable":true,"href":"https:\/\/primicias2262.com\/noticias\/wp-json\/wp\/v2\/categories?post=92960"},{"taxonomy":"post_tag","embeddable":true,"href":"https:\/\/primicias2262.com\/noticias\/wp-json\/wp\/v2\/tags?post=92960"}],"curies":[{"name":"wp","href":"https:\/\/api.w.org\/{rel}","templated":true}]}}