{"id":92966,"date":"2022-08-27T17:23:23","date_gmt":"2022-08-27T20:23:23","guid":{"rendered":"https:\/\/primicias2262.com\/?p=92966"},"modified":"2022-08-27T17:23:23","modified_gmt":"2022-08-27T20:23:23","slug":"republicanos-unidos-buscara-participar-a-nivel-local-en-las-elecciones-2023","status":"publish","type":"post","link":"https:\/\/primicias2262.com\/noticias\/republicanos-unidos-buscara-participar-a-nivel-local-en-las-elecciones-2023\/","title":{"rendered":"\u201cRepublicanos Unidos\u201d buscar\u00e1 participar a nivel local en las elecciones 2023"},"content":{"rendered":"<p>Uno de los integrantes de la Junta Promotora de Republicanos Unidos, Boris Stankievich, dio a conocer las intenciones del grupo a nivel local durante la ma\u00f1ana de \u201cVoces de la Ciudad\u201d, en di\u00e1logo con el periodista Jorge G\u00f3mez.<\/p>\n<p>Creado en su momento en el pa\u00eds por el diputado nacional Ricardo L\u00f3pez Murphy, Republicanos Unidos forma parte de Avanza Libertad, que es una alianza que se constituy\u00f3 en las elecciones anteriores, propia de la Provincia de Buenos Aires y formada por partidos como la UCD (Uni\u00f3n del Centro Democr\u00e1tico), Republicanos Unidos, Partido Dem\u00f3crata y Partido Autonomista.<\/p>\n<p>\u201cEn el caso de Necochea no hab\u00eda ninguno de estos partidos representados antes de las elecciones y la lista que se present\u00f3 por Avanza Libertad fue integrada por ciudadanos independientes que no estaban encuadrados en ning\u00fan partido\u201d, comenz\u00f3 explicando Stankievich<\/p>\n<p>\u201cDurante el proceso electoral y luego del mismo el a\u00f1o pasado, varios de nuestros amigos se encuadraron dentro de la UCD pero no todos y en este momento hemos charlado con un grupo de vecinos que est\u00e1n adhesi\u00f3n a las ideas liberales y estamos organizando Republicanos Unidos en el distrito de Necochea\u201d.<\/p>\n<p>Explic\u00f3 acto seguido que \u201ces una junta promotora y en este momento hay una situaci\u00f3n pol\u00edtica todav\u00eda no muy clara, porque Avanza Libertad fue una alianza que funcion\u00f3 y que tiene su bloque en la Provincia de Buenos Aires y en este momento de cara a las elecciones que vienen no tienen una proyecci\u00f3n\u00bb.<\/p>\n<p>\u00abEl referente m\u00e1s importante es Jos\u00e9 Luis Espert, quien ya ha manifestado casi con seguridad no ser candidato a presidente de la Naci\u00f3n, y eval\u00faa la posibilidad de presentarse como candidato a gobernador, pero a\u00fan no se sabe en qu\u00e9 espacio pol\u00edtico lo har\u00eda porque de hecho no est\u00e1 afiliado a ninguno\u201d, manifest\u00f3<\/p>\n<p>M\u00e1s adelante, Boris asegur\u00f3 que \u201cestamos cumplimentando los procesos administrativos internos para constituirnos como junta promotora con un grupo de vecinos y por supuesto la idea es armar alguna oferta local. Todos sabemos las dificultades y desaf\u00edos que tienen nuestra comunidad y nosotros queremos ser part\u00edcipes desde nuestra mirada\u201d.<\/p>\n","protected":false},"excerpt":{"rendered":"<p>Uno de los integrantes de la Junta Promotora de Republicanos Unidos, Boris Stankievich, dio a conocer las intenciones del grupo a nivel local durante la ma\u00f1ana de \u201cVoces de la Ciudad\u201d, en di\u00e1logo con el periodista Jorge G\u00f3mez. Creado en su momento en el pa\u00eds por el diputado nacional Ricardo L\u00f3pez Murphy, Republicanos Unidos forma [&hellip;]<\/p>\n","protected":false},"author":3,"featured_media":92967,"comment_status":"closed","ping_status":"closed","sticky":false,"template":"","format":"standard","meta":{"footnotes":""},"categories":[3],"tags":[],"class_list":["post-92966","post","type-post","status-publish","format-standard","has-post-thumbnail","category-masnoticias"],"_links":{"self":[{"href":"https:\/\/primicias2262.com\/noticias\/wp-json\/wp\/v2\/posts\/92966","targetHints":{"allow":["GET"]}}],"collection":[{"href":"https:\/\/primicias2262.com\/noticias\/wp-json\/wp\/v2\/posts"}],"about":[{"href":"https:\/\/primicias2262.com\/noticias\/wp-json\/wp\/v2\/types\/post"}],"author":[{"embeddable":true,"href":"https:\/\/primicias2262.com\/noticias\/wp-json\/wp\/v2\/users\/3"}],"replies":[{"embeddable":true,"href":"https:\/\/primicias2262.com\/noticias\/wp-json\/wp\/v2\/comments?post=92966"}],"version-history":[{"count":0,"href":"https:\/\/primicias2262.com\/noticias\/wp-json\/wp\/v2\/posts\/92966\/revisions"}],"wp:attachment":[{"href":"https:\/\/primicias2262.com\/noticias\/wp-json\/wp\/v2\/media?parent=92966"}],"wp:term":[{"taxonomy":"category","embeddable":true,"href":"https:\/\/primicias2262.com\/noticias\/wp-json\/wp\/v2\/categories?post=92966"},{"taxonomy":"post_tag","embeddable":true,"href":"https:\/\/primicias2262.com\/noticias\/wp-json\/wp\/v2\/tags?post=92966"}],"curies":[{"name":"wp","href":"https:\/\/api.w.org\/{rel}","templated":true}]}}