{"id":92981,"date":"2022-08-27T17:48:13","date_gmt":"2022-08-27T20:48:13","guid":{"rendered":"https:\/\/primicias2262.com\/?p=92981"},"modified":"2022-08-27T17:48:13","modified_gmt":"2022-08-27T20:48:13","slug":"la-oficina-de-empleo-participo-de-una-capacitacion-regional-en-mar-del-plata","status":"publish","type":"post","link":"https:\/\/primicias2262.com\/noticias\/la-oficina-de-empleo-participo-de-una-capacitacion-regional-en-mar-del-plata\/","title":{"rendered":"La Oficina de Empleo particip\u00f3 de una capacitaci\u00f3n regional en Mar del Plata"},"content":{"rendered":"<p><strong>Organizada por la Agencia Territorial y a cargo de los equipos nacionales de la Secretar\u00eda de Empleo, durante la jornada se present\u00f3 el portal y se trataron cuestiones como el funcionamiento operativo, las transiciones tecnol\u00f3gicas y los nuevos abordajes de los programas.<\/strong><\/p>\n<p>La Oficina Municipal de Empleo particip\u00f3 el martes pasado en un encuentro dirigido a los equipos t\u00e9cnicos de los 17 distritos que funcionan bajo la \u00f3rbita de la Agencia Territorial -el ap\u00e9ndice del\u00a0Ministerio de Trabajo de la Naci\u00f3n en Mar del Plata-,\u00a0un evento que se desarroll\u00f3 en las instalaciones del Hotel \u201c30 de Junio\u201d, perteneciente a la Uni\u00f3n Obrera Molinera Argentina.<\/p>\n<p>Entre sus objetivos principales, la jornada se utiliz\u00f3 como una presentaci\u00f3n de las caracter\u00edsticas y el funcionamiento del nuevo portal www.portalempleo.gob.ar, la herramienta que, de ahora m\u00e1s, ser\u00e1 el n\u00facleo de la promoci\u00f3n de la pol\u00edtica p\u00fablica nacional referida a lo laboral en el territorio.<\/p>\n<p>La directora de Desarrollo Comercial, Industrial y Agropecuario, Roc\u00edo Zabalj\u00e1uregui, cont\u00f3 al terminar esta actividad, en la que tambi\u00e9n participaron representantes de los municipios de Mar Chiquita, Partido de la Costa, Villa Gesell, General Alvarado, General Pueyrred\u00f3n y Balcarce, que \u201cnos presentaron algunas innovaciones que se est\u00e1n haciendo y cu\u00e1les son los mecanismos de trabajo de ac\u00e1 en adelante\u201d.<\/p>\n<p>En el transcurso de la capacitaci\u00f3n, a cargo de los equipos de la Secretar\u00eda de Empleo a nivel nacional, se trataron cuestiones como el funcionamiento operativo, las transiciones tecnol\u00f3gicas y los nuevos abordajes de los programas: Prestaciones de Orientaci\u00f3n Laboral, Formaci\u00f3n Profesional, Inserci\u00f3n Laboral y Portal de Empleo, entre otros.<\/p>\n<p>\u201cEn la Oficina buscamos fortalecer la empleabilidad con presupuesto municipal y tambi\u00e9n a trav\u00e9s del Ministerio, bajando los programas que est\u00e1n vigentes para la inclusi\u00f3n de los trabajadores\u201d, asegur\u00f3 la funcionaria, agregando que \u201clo interesante es que se ampli\u00f3 el abanico, antes estaban focalizados en lo que es la parte de j\u00f3venes y ahora se ha ampliado el grupo etario, lo cual nos permite incluir a personas que quedaban afuera de esos programas\u201d.<\/p>\n<p>Finalmente, la titular del \u00e1rea que depende de la Secretaria de Turismo y Desarrollo Productivo invit\u00f3 a los interesados en conocer m\u00e1s acerca de estas herramientas a acercarse a las oficinas ubicadas en la intersecci\u00f3n de Avenida 2 con calle 87, haciendo especial hincapi\u00e9 en el sector privado, los futuros posibles empleadores, quienes tambi\u00e9n reciben una serie de beneficios importantes al contratar utilizando estos programas.<\/p>\n","protected":false},"excerpt":{"rendered":"<p>Organizada por la Agencia Territorial y a cargo de los equipos nacionales de la Secretar\u00eda de Empleo, durante la jornada se present\u00f3 el portal y se trataron cuestiones como el funcionamiento operativo, las transiciones tecnol\u00f3gicas y los nuevos abordajes de los programas. La Oficina Municipal de Empleo particip\u00f3 el martes pasado en un encuentro dirigido [&hellip;]<\/p>\n","protected":false},"author":3,"featured_media":92982,"comment_status":"closed","ping_status":"closed","sticky":false,"template":"","format":"standard","meta":{"footnotes":""},"categories":[3],"tags":[],"class_list":["post-92981","post","type-post","status-publish","format-standard","has-post-thumbnail","category-masnoticias"],"_links":{"self":[{"href":"https:\/\/primicias2262.com\/noticias\/wp-json\/wp\/v2\/posts\/92981","targetHints":{"allow":["GET"]}}],"collection":[{"href":"https:\/\/primicias2262.com\/noticias\/wp-json\/wp\/v2\/posts"}],"about":[{"href":"https:\/\/primicias2262.com\/noticias\/wp-json\/wp\/v2\/types\/post"}],"author":[{"embeddable":true,"href":"https:\/\/primicias2262.com\/noticias\/wp-json\/wp\/v2\/users\/3"}],"replies":[{"embeddable":true,"href":"https:\/\/primicias2262.com\/noticias\/wp-json\/wp\/v2\/comments?post=92981"}],"version-history":[{"count":0,"href":"https:\/\/primicias2262.com\/noticias\/wp-json\/wp\/v2\/posts\/92981\/revisions"}],"wp:attachment":[{"href":"https:\/\/primicias2262.com\/noticias\/wp-json\/wp\/v2\/media?parent=92981"}],"wp:term":[{"taxonomy":"category","embeddable":true,"href":"https:\/\/primicias2262.com\/noticias\/wp-json\/wp\/v2\/categories?post=92981"},{"taxonomy":"post_tag","embeddable":true,"href":"https:\/\/primicias2262.com\/noticias\/wp-json\/wp\/v2\/tags?post=92981"}],"curies":[{"name":"wp","href":"https:\/\/api.w.org\/{rel}","templated":true}]}}