{"id":92990,"date":"2022-08-28T16:09:26","date_gmt":"2022-08-28T19:09:26","guid":{"rendered":"https:\/\/primicias2262.com\/?p=92990"},"modified":"2022-08-28T16:09:26","modified_gmt":"2022-08-28T19:09:26","slug":"avanza-el-plan-de-iluminacion-en-distintos-espacios-publicos-de-la-ciudad","status":"publish","type":"post","link":"https:\/\/primicias2262.com\/noticias\/avanza-el-plan-de-iluminacion-en-distintos-espacios-publicos-de-la-ciudad\/","title":{"rendered":"Avanza el plan de iluminaci\u00f3n en distintos espacios p\u00fablicos de la ciudad"},"content":{"rendered":"<p>El secretario de Obras P\u00fablicas de la comuna, Adri\u00e1n Furno, se refiri\u00f3 durante el programa \u201cVoces de la Ciudad\u201d al plan de iluminaci\u00f3n Led en la ciudad, al tiempo que cont\u00f3 el objetivo de brindar m\u00e1s seguridad a los peatones de Pinolandia hacia el oeste.<\/p>\n<p>El funcionario destac\u00f3 que \u201cvenimos avanzando con el plan de iluminaci\u00f3n de nueve plazas, una de las que se hab\u00eda hecho la reparaci\u00f3n integral con canchita de f\u00fatbol y arreglo de juegos, jardiner\u00eda y pintura del per\u00edmetro es la de La Cat\u00f3lica, que ahora se culmin\u00f3 con la iluminaci\u00f3n y qued\u00f3 muy lindo\u201d.<\/p>\n<p>Mientras tanto, \u201cahora se va a seguir con Los Tilos 3, la de los Municipales, Hip\u00f3lito Yrigoyen, Los Naranjos y varias m\u00e1s que quedar\u00e1n iluminadas, y despu\u00e9s a trav\u00e9s del programa Argentina Hace en algunos de los barrios se va a coincidir con corredores seguros desde las avenidas para que la gente pueda ingresar tranquila a los barrios\u201d, ampli\u00f3 Furno.<\/p>\n<p>Asimismo, habl\u00f3 de las obras en la Terminal de \u00d3mnibus: \u201cAdem\u00e1s de la iluminaci\u00f3n se hizo mucho trabajo de recuperaci\u00f3n, bacheo, pintura, arreglo de los ba\u00f1os y del sistema de calefacci\u00f3n que no funcionaba, y se culmin\u00f3 con la iluminaci\u00f3n Led con la idea de recuperar el edificio existente, m\u00e1s all\u00e1 de que hemos presentado a Transporte de Naci\u00f3n la remodelaci\u00f3n a futuro de la Terminal, pero como esto no va a ser pronto hab\u00eda que ponerla en valor para brindar un mejor servicio\u201d.<\/p>\n<p>A ello, \u201chay que sumarle las 14 columnas nuevas en Costa Bonita donde solo falta hacer el tendido por parte de la Usina para que quede iluminado, lo mismo que en un tramo de la ribera, desde 74 a 82\u201d, enumer\u00f3 el secretario.<\/p>\n<p>Por otra parte, al ser consultado sobre obras en el frente costero y puntualmente una vereda para dar mayor seguridad al peat\u00f3n, revel\u00f3 que \u201cestamos haciendo todo el ensanche porque en realidad la vereda est\u00e1 perdida\u2026 la gente despu\u00e9s de Pinolandia camina mucho por la calle y entonces la idea es restablecer la vereda por mano derecha, yendo hacia el Kabryl, y con el objetivo de ir marcando la vereda de a poco hasta el exmuelle\u201d.<\/p>\n<p>\u201cEn la primera etapa haremos este tramo hasta el Kabryl y veremos c\u00f3mo funciona, porque vemos mucha gente caminando por la calle y consideramos que es peligroso, entonces vamos a generar la vereda y que sea un corredor seguro\u201d, asegur\u00f3 Furno<\/p>\n<p>Finalmente, se\u00f1al\u00f3 que \u201cquer\u00edamos hacerlo hace unos a\u00f1os y ahora que tenemos la pala nueva podemos hacer este tipo de trabajo, en primera instancia trataremos de hacer hasta el Kabryl y si podemos llegar hasta el muelle lo vamos a hacer\u201d.<\/p>\n","protected":false},"excerpt":{"rendered":"<p>El secretario de Obras P\u00fablicas de la comuna, Adri\u00e1n Furno, se refiri\u00f3 durante el programa \u201cVoces de la Ciudad\u201d al plan de iluminaci\u00f3n Led en la ciudad, al tiempo que cont\u00f3 el objetivo de brindar m\u00e1s seguridad a los peatones de Pinolandia hacia el oeste. El funcionario destac\u00f3 que \u201cvenimos avanzando con el plan de [&hellip;]<\/p>\n","protected":false},"author":3,"featured_media":92991,"comment_status":"closed","ping_status":"closed","sticky":false,"template":"","format":"standard","meta":{"footnotes":""},"categories":[3],"tags":[],"class_list":["post-92990","post","type-post","status-publish","format-standard","has-post-thumbnail","category-masnoticias"],"_links":{"self":[{"href":"https:\/\/primicias2262.com\/noticias\/wp-json\/wp\/v2\/posts\/92990","targetHints":{"allow":["GET"]}}],"collection":[{"href":"https:\/\/primicias2262.com\/noticias\/wp-json\/wp\/v2\/posts"}],"about":[{"href":"https:\/\/primicias2262.com\/noticias\/wp-json\/wp\/v2\/types\/post"}],"author":[{"embeddable":true,"href":"https:\/\/primicias2262.com\/noticias\/wp-json\/wp\/v2\/users\/3"}],"replies":[{"embeddable":true,"href":"https:\/\/primicias2262.com\/noticias\/wp-json\/wp\/v2\/comments?post=92990"}],"version-history":[{"count":0,"href":"https:\/\/primicias2262.com\/noticias\/wp-json\/wp\/v2\/posts\/92990\/revisions"}],"wp:attachment":[{"href":"https:\/\/primicias2262.com\/noticias\/wp-json\/wp\/v2\/media?parent=92990"}],"wp:term":[{"taxonomy":"category","embeddable":true,"href":"https:\/\/primicias2262.com\/noticias\/wp-json\/wp\/v2\/categories?post=92990"},{"taxonomy":"post_tag","embeddable":true,"href":"https:\/\/primicias2262.com\/noticias\/wp-json\/wp\/v2\/tags?post=92990"}],"curies":[{"name":"wp","href":"https:\/\/api.w.org\/{rel}","templated":true}]}}