{"id":93011,"date":"2022-08-28T16:53:08","date_gmt":"2022-08-28T19:53:08","guid":{"rendered":"https:\/\/primicias2262.com\/?p=93011"},"modified":"2022-08-28T16:53:08","modified_gmt":"2022-08-28T19:53:08","slug":"tc-juan-bautista-fue-penalizado-y-no-pudo-ingresar-a-la-copa-de-oro","status":"publish","type":"post","link":"https:\/\/primicias2262.com\/noticias\/tc-juan-bautista-fue-penalizado-y-no-pudo-ingresar-a-la-copa-de-oro\/","title":{"rendered":"TC: Juan Bautista fue penalizado y no pudo ingresar a la Copa de Oro"},"content":{"rendered":"<p>Luego de ser penalizado en la verificaci\u00f3n t\u00e9cnica, el necochense Juan Bautista De Benedictis no pudo ingresar en el selecto grupo de los 12 pilotos que disputar\u00e1n la Copa de Oro del Turismo Carretera.<\/p>\n<p>En la \u00faltima carrera de la etapa regular, que se disput\u00f3 en Paran\u00e1, De Benedictis finaliz\u00f3 en el 18\u00b0 puesto pero tras la sanci\u00f3n qued\u00f3 21\u00b0 en la clasificaci\u00f3n oficial y por escaso margen qued\u00f3 afuera de la Copa de Oro. Sin embargo, reglamentariamente puede ingresar entre \u00ablos tres de \u00faltima\u00bb.<\/p>\n<p>La competencia fue ganada por Leonel Pern\u00eda, aunque en la pista el lider fue Facundo Della Motta, quien fue penalizado con un recargo de 5 segundos.<\/p>\n<p>En el TC Pista, Marcos Castro finaliz\u00f3 8\u00b0, mientras que Franco De Benedictis arrib\u00f3 en la 15\u00b0 colocaci\u00f3n.<\/p>\n<p>&nbsp;<\/p>\n","protected":false},"excerpt":{"rendered":"<p>Luego de ser penalizado en la verificaci\u00f3n t\u00e9cnica, el necochense Juan Bautista De Benedictis no pudo ingresar en el selecto grupo de los 12 pilotos que disputar\u00e1n la Copa de Oro del Turismo Carretera. En la \u00faltima carrera de la etapa regular, que se disput\u00f3 en Paran\u00e1, De Benedictis finaliz\u00f3 en el 18\u00b0 puesto pero [&hellip;]<\/p>\n","protected":false},"author":3,"featured_media":93012,"comment_status":"closed","ping_status":"closed","sticky":false,"template":"","format":"standard","meta":{"footnotes":""},"categories":[3],"tags":[],"class_list":["post-93011","post","type-post","status-publish","format-standard","has-post-thumbnail","category-masnoticias"],"_links":{"self":[{"href":"https:\/\/primicias2262.com\/noticias\/wp-json\/wp\/v2\/posts\/93011","targetHints":{"allow":["GET"]}}],"collection":[{"href":"https:\/\/primicias2262.com\/noticias\/wp-json\/wp\/v2\/posts"}],"about":[{"href":"https:\/\/primicias2262.com\/noticias\/wp-json\/wp\/v2\/types\/post"}],"author":[{"embeddable":true,"href":"https:\/\/primicias2262.com\/noticias\/wp-json\/wp\/v2\/users\/3"}],"replies":[{"embeddable":true,"href":"https:\/\/primicias2262.com\/noticias\/wp-json\/wp\/v2\/comments?post=93011"}],"version-history":[{"count":0,"href":"https:\/\/primicias2262.com\/noticias\/wp-json\/wp\/v2\/posts\/93011\/revisions"}],"wp:attachment":[{"href":"https:\/\/primicias2262.com\/noticias\/wp-json\/wp\/v2\/media?parent=93011"}],"wp:term":[{"taxonomy":"category","embeddable":true,"href":"https:\/\/primicias2262.com\/noticias\/wp-json\/wp\/v2\/categories?post=93011"},{"taxonomy":"post_tag","embeddable":true,"href":"https:\/\/primicias2262.com\/noticias\/wp-json\/wp\/v2\/tags?post=93011"}],"curies":[{"name":"wp","href":"https:\/\/api.w.org\/{rel}","templated":true}]}}