{"id":93033,"date":"2022-08-29T18:38:48","date_gmt":"2022-08-29T21:38:48","guid":{"rendered":"https:\/\/primicias2262.com\/?p=93033"},"modified":"2022-08-29T18:38:48","modified_gmt":"2022-08-29T21:38:48","slug":"tasas-municipales-prorrogaron-la-moratoria-hasta-el-15-de-diciembre","status":"publish","type":"post","link":"https:\/\/primicias2262.com\/noticias\/tasas-municipales-prorrogaron-la-moratoria-hasta-el-15-de-diciembre\/","title":{"rendered":"Tasas municipales: prorrogaron la moratoria hasta el 15 de diciembre"},"content":{"rendered":"<p><strong>La Agencia de Recaudaci\u00f3n Municipal inform\u00f3 que hasta el momento se han acordado m\u00e1s de 9 mil planes, lo que permiti\u00f3 regularizar una deuda superior a los 385 millones de pesos.<\/strong><\/p>\n<p>Mediante un decreto firmado por el intendente Arturo Rojas y la secretaria de Hacienda y Finanzas P\u00fablicas, Graciela Mamelucco, el Departamento Ejecutivo resolvi\u00f3 prorrogar hasta el pr\u00f3ximo 15 de diciembre la vigencia del R\u00e9gimen de Recuperaci\u00f3n de Deudas y Facilidades de Pago 2022.<\/p>\n<p>En ese sentido, la Agencia de Recaudaci\u00f3n Municipal inform\u00f3 que hasta el momento se acordaron 9.421 planes de pago, de los cuales 6.793 ya fueron cancelados en su totalidad. En n\u00fameros concretos, se regulariz\u00f3 una deuda superior a los 385 millones de pesos y el municipio ya percibi\u00f3 una suma de 293 millones de pesos.<\/p>\n<p>Al mismo tiempo, el titular de la mencionada repartici\u00f3n, Lic. Alfredo G\u00f3mez, dio cuenta de que durante este \u00faltimo fin de semana culmino la \u00faltima distribuci\u00f3n de las boletas de las tasas municipales. Es la \u00faltima de este a\u00f1o y contiene las cuotas 9 a 12, es decir los vencimientos que operar\u00e1n en septiembre, octubre, noviembre y diciembre.<\/p>\n","protected":false},"excerpt":{"rendered":"<p>La Agencia de Recaudaci\u00f3n Municipal inform\u00f3 que hasta el momento se han acordado m\u00e1s de 9 mil planes, lo que permiti\u00f3 regularizar una deuda superior a los 385 millones de pesos. Mediante un decreto firmado por el intendente Arturo Rojas y la secretaria de Hacienda y Finanzas P\u00fablicas, Graciela Mamelucco, el Departamento Ejecutivo resolvi\u00f3 prorrogar [&hellip;]<\/p>\n","protected":false},"author":3,"featured_media":86548,"comment_status":"closed","ping_status":"closed","sticky":false,"template":"","format":"standard","meta":{"footnotes":""},"categories":[3],"tags":[],"class_list":["post-93033","post","type-post","status-publish","format-standard","has-post-thumbnail","category-masnoticias"],"_links":{"self":[{"href":"https:\/\/primicias2262.com\/noticias\/wp-json\/wp\/v2\/posts\/93033","targetHints":{"allow":["GET"]}}],"collection":[{"href":"https:\/\/primicias2262.com\/noticias\/wp-json\/wp\/v2\/posts"}],"about":[{"href":"https:\/\/primicias2262.com\/noticias\/wp-json\/wp\/v2\/types\/post"}],"author":[{"embeddable":true,"href":"https:\/\/primicias2262.com\/noticias\/wp-json\/wp\/v2\/users\/3"}],"replies":[{"embeddable":true,"href":"https:\/\/primicias2262.com\/noticias\/wp-json\/wp\/v2\/comments?post=93033"}],"version-history":[{"count":0,"href":"https:\/\/primicias2262.com\/noticias\/wp-json\/wp\/v2\/posts\/93033\/revisions"}],"wp:attachment":[{"href":"https:\/\/primicias2262.com\/noticias\/wp-json\/wp\/v2\/media?parent=93033"}],"wp:term":[{"taxonomy":"category","embeddable":true,"href":"https:\/\/primicias2262.com\/noticias\/wp-json\/wp\/v2\/categories?post=93033"},{"taxonomy":"post_tag","embeddable":true,"href":"https:\/\/primicias2262.com\/noticias\/wp-json\/wp\/v2\/tags?post=93033"}],"curies":[{"name":"wp","href":"https:\/\/api.w.org\/{rel}","templated":true}]}}