{"id":93035,"date":"2022-08-29T18:43:07","date_gmt":"2022-08-29T21:43:07","guid":{"rendered":"https:\/\/primicias2262.com\/?p=93035"},"modified":"2022-08-29T18:43:07","modified_gmt":"2022-08-29T21:43:07","slug":"hay-malestar-en-el-centro-de-jubilados-de-quequen-por-el-robo-de-dos-motos","status":"publish","type":"post","link":"https:\/\/primicias2262.com\/noticias\/hay-malestar-en-el-centro-de-jubilados-de-quequen-por-el-robo-de-dos-motos\/","title":{"rendered":"Hay malestar en el Centro de Jubilados de Quequ\u00e9n por el robo de dos motos"},"content":{"rendered":"<p>\u201cEl jueves anterior le robaron el ciclomotor a un integrante de la comisi\u00f3n en horas de la ma\u00f1ana, cuando est\u00e1bamos trabajando para el D\u00eda del Ni\u00f1o; y el viernes durante una pe\u00f1a le robaron el ciclomotor de adentro del C\u00edrculo a otra persona\u201d, relat\u00f3 el titular del C\u00edrculo de Jubilados y Pensionados de Quequ\u00e9n, Daniel Argibay, lamentando la creciente inseguridad y activando una reuni\u00f3n vecinal en la cuadra de 519 al 2700 para alertar a los vecinos.<\/p>\n<p>En declaraciones formuladas en el programa \u201cVoces de la Ciudad\u201d, el ex docente manifest\u00f3 que \u201cpara nosotros es la misma persona que hace muy poco sali\u00f3 de la c\u00e1rcel, y por eso tendremos una reuni\u00f3n con vecinos para estar atentos, ya que roba en horas inusitadas o diurnas, cuando nadie se lo imagina\u201d.<\/p>\n<p>Argibay lament\u00f3 que \u201cle rob\u00f3 a dos personas trabajadoras que utilizan las motos en el d\u00eda a d\u00eda. En el primer caso, el damnificado fue a una casa espec\u00edfica a reclamar que le devuelvan la moto, y a los 40 minutos vino el padre del chico que estuvo preso hace poco con la moto para devolverla a la que le faltaban los accesorios que se venden, lo que nos muestra la impunidad con que se manejan, van a devolver la moto y piden disculpas, cuando el da\u00f1o ya estaba hecho\u201d.<\/p>\n<p>\u201cHan estado presos en reiteradas oportunidades, pero salen y vuelven a cometer estos il\u00edcitos, as\u00ed que les decimos a la gente que tenga cuidado con sus motos\u201d, alert\u00f3 Argibay, quien incluso cont\u00f3 que \u201ccasa de por medio del centro de Jubilados, me llama una persona que cuida la vivienda de sus padres que le robaron y saltaron dos paredones, lleg\u00f3 la polic\u00eda y se desprendieron de las cosas\u201d, por lo que concluy\u00f3 casi resignado que \u201cno se puede vivir de esta manera\u201d.<\/p>\n","protected":false},"excerpt":{"rendered":"<p>\u201cEl jueves anterior le robaron el ciclomotor a un integrante de la comisi\u00f3n en horas de la ma\u00f1ana, cuando est\u00e1bamos trabajando para el D\u00eda del Ni\u00f1o; y el viernes durante una pe\u00f1a le robaron el ciclomotor de adentro del C\u00edrculo a otra persona\u201d, relat\u00f3 el titular del C\u00edrculo de Jubilados y Pensionados de Quequ\u00e9n, Daniel [&hellip;]<\/p>\n","protected":false},"author":3,"featured_media":93036,"comment_status":"closed","ping_status":"closed","sticky":false,"template":"","format":"standard","meta":{"footnotes":""},"categories":[3],"tags":[],"class_list":["post-93035","post","type-post","status-publish","format-standard","has-post-thumbnail","category-masnoticias"],"_links":{"self":[{"href":"https:\/\/primicias2262.com\/noticias\/wp-json\/wp\/v2\/posts\/93035","targetHints":{"allow":["GET"]}}],"collection":[{"href":"https:\/\/primicias2262.com\/noticias\/wp-json\/wp\/v2\/posts"}],"about":[{"href":"https:\/\/primicias2262.com\/noticias\/wp-json\/wp\/v2\/types\/post"}],"author":[{"embeddable":true,"href":"https:\/\/primicias2262.com\/noticias\/wp-json\/wp\/v2\/users\/3"}],"replies":[{"embeddable":true,"href":"https:\/\/primicias2262.com\/noticias\/wp-json\/wp\/v2\/comments?post=93035"}],"version-history":[{"count":0,"href":"https:\/\/primicias2262.com\/noticias\/wp-json\/wp\/v2\/posts\/93035\/revisions"}],"wp:attachment":[{"href":"https:\/\/primicias2262.com\/noticias\/wp-json\/wp\/v2\/media?parent=93035"}],"wp:term":[{"taxonomy":"category","embeddable":true,"href":"https:\/\/primicias2262.com\/noticias\/wp-json\/wp\/v2\/categories?post=93035"},{"taxonomy":"post_tag","embeddable":true,"href":"https:\/\/primicias2262.com\/noticias\/wp-json\/wp\/v2\/tags?post=93035"}],"curies":[{"name":"wp","href":"https:\/\/api.w.org\/{rel}","templated":true}]}}