{"id":93038,"date":"2022-08-29T18:57:35","date_gmt":"2022-08-29T21:57:35","guid":{"rendered":"https:\/\/primicias2262.com\/?p=93038"},"modified":"2022-08-29T18:57:35","modified_gmt":"2022-08-29T21:57:35","slug":"dia-de-la-abogacia-en-el-saber-popular-estamos-para-la-sorna-pero-es-una-noble-profesion","status":"publish","type":"post","link":"https:\/\/primicias2262.com\/noticias\/dia-de-la-abogacia-en-el-saber-popular-estamos-para-la-sorna-pero-es-una-noble-profesion\/","title":{"rendered":"D\u00eda de la Abogac\u00eda: \u201cEn el saber popular estamos para la sorna, pero es una noble profesi\u00f3n\u201d"},"content":{"rendered":"<p><strong>As\u00ed lo expres\u00f3 el presidente del Colegio de Abogados de Necochea, V\u00edctor Pagani, en el D\u00eda de la Abogac\u00eda, por la fecha que recuerda el natalicio de Juan Bautista Alberdi en 1853. Adem\u00e1s, dio a conocer el cronograma de actividades para celebrar durante toda la semana.<\/strong><\/p>\n<p>Un 29 de agosto de 1810 nac\u00eda en el territorio nacional Juan Bautista Alberdi, quien en 1853 fue el autor intelectual de la Constituci\u00f3n argentina y a\u00f1os despu\u00e9s se implementa su natalicio como el D\u00eda de la Abogac\u00eda.<\/p>\n<p>En el orden local hay unos 450 abogados matriculados y el presidente del Colegio de Abogados de Necochea, V\u00edctor Pagani, visit\u00f3 los estudios de \u201cVoces de la Ciudad\u201d, donde charl\u00f3 con el periodista Jorge G\u00f3mez y expres\u00f3 que \u201cno presidimos ni gobernamos la abogac\u00eda, sino que somos la abogac\u00eda organizada y queremos celebrar el hecho de ser abogados, en un contexto muy dif\u00edcil para ejercer la profesi\u00f3n porque hay una crisis tras otra en el pa\u00eds\u201d.<\/p>\n<p>El profesional se\u00f1al\u00f3 que \u201cnos tomamos una semana de remanso para celebrar nuestra profesi\u00f3n, soy un apasionado y hay muchos colegas que son apasionados, en una profesi\u00f3n que en el saber popular est\u00e1 para la sorna por los dichos \u201cser\u00e1s lo que ser\u00e1s o ser\u00e1s abogado\u201d o \u201cquer\u00e9 a abogado que es el \u00fanico que te va a defender aunque no te crea\u201d, y un mont\u00f3n de chistes, pero es una noble profesi\u00f3n, porque nosotros nos comprometemos en el derecho del otro y somos los garantes del derecho de distintas \u00f3rbitas en la Rep\u00fablica\u201d.<\/p>\n<p>Ampli\u00f3 Pagani que \u201ccreemos y apostamos a defender los derechos constitucionales y a veces nos hacemos carne en el problema del otro y sufrimos los problemas del otro\u2026 entonces esta semana celebremos nuestra tarea que es muy noble, aunque tenga sus cuestiones variopintas, hagamos una reivindicaci\u00f3n de la profesi\u00f3n\u201d.<\/p>\n<p>Asimismo, destac\u00f3 que el Colegio de Abogados va a menudo a las delegaciones del interior del distrito para ofrecer el consultorio jur\u00eddico gratuito. \u201cSe hace con pura vocaci\u00f3n de servicio para las personas carentes de recursos\u201d.<\/p>\n<p><strong>A continuaci\u00f3n, el cronograma por la Semana y D\u00eda de la Abogac\u00eda<\/strong><\/p>\n<p>Martes 30<br \/>\nCharla Firma digital, en colaboraci\u00f3n con el Colegio de Martilleros y Corredores P\u00fablicos.<\/p>\n<p>Mi\u00e9rcoles 31<br \/>\n21 hs. Cena \u201cD\u00eda de la Abogac\u00eda en San Cayetano<\/p>\n<p>Jueves 1\u00ba de septiembre<br \/>\n14.30 Reuni\u00f3n de Consejo Directivo en la sede de la Asociaci\u00f3n de Abogados de Lober\u00eda<\/p>\n<p>Viernes 2<br \/>\n19 hs. Misa por matriculados fallecidos en la parroquia Santa Mar\u00eda del Carmen.<br \/>\n21 hs. Fiesta de la Abogac\u00eda en Gran Playa Eventos, 79 entre 6 y 8.<\/p>\n","protected":false},"excerpt":{"rendered":"<p>As\u00ed lo expres\u00f3 el presidente del Colegio de Abogados de Necochea, V\u00edctor Pagani, en el D\u00eda de la Abogac\u00eda, por la fecha que recuerda el natalicio de Juan Bautista Alberdi en 1853. Adem\u00e1s, dio a conocer el cronograma de actividades para celebrar durante toda la semana. Un 29 de agosto de 1810 nac\u00eda en el [&hellip;]<\/p>\n","protected":false},"author":3,"featured_media":93039,"comment_status":"closed","ping_status":"closed","sticky":false,"template":"","format":"standard","meta":{"footnotes":""},"categories":[3],"tags":[],"class_list":["post-93038","post","type-post","status-publish","format-standard","has-post-thumbnail","category-masnoticias"],"_links":{"self":[{"href":"https:\/\/primicias2262.com\/noticias\/wp-json\/wp\/v2\/posts\/93038","targetHints":{"allow":["GET"]}}],"collection":[{"href":"https:\/\/primicias2262.com\/noticias\/wp-json\/wp\/v2\/posts"}],"about":[{"href":"https:\/\/primicias2262.com\/noticias\/wp-json\/wp\/v2\/types\/post"}],"author":[{"embeddable":true,"href":"https:\/\/primicias2262.com\/noticias\/wp-json\/wp\/v2\/users\/3"}],"replies":[{"embeddable":true,"href":"https:\/\/primicias2262.com\/noticias\/wp-json\/wp\/v2\/comments?post=93038"}],"version-history":[{"count":0,"href":"https:\/\/primicias2262.com\/noticias\/wp-json\/wp\/v2\/posts\/93038\/revisions"}],"wp:attachment":[{"href":"https:\/\/primicias2262.com\/noticias\/wp-json\/wp\/v2\/media?parent=93038"}],"wp:term":[{"taxonomy":"category","embeddable":true,"href":"https:\/\/primicias2262.com\/noticias\/wp-json\/wp\/v2\/categories?post=93038"},{"taxonomy":"post_tag","embeddable":true,"href":"https:\/\/primicias2262.com\/noticias\/wp-json\/wp\/v2\/tags?post=93038"}],"curies":[{"name":"wp","href":"https:\/\/api.w.org\/{rel}","templated":true}]}}