{"id":93044,"date":"2022-08-29T20:36:00","date_gmt":"2022-08-29T23:36:00","guid":{"rendered":"https:\/\/primicias2262.com\/?p=93044"},"modified":"2022-08-29T20:36:00","modified_gmt":"2022-08-29T23:36:00","slug":"este-lunes-la-provincia-oficializo-la-suba-de-tarifas-para-la-verificacion-tecnica-vehicular-vtv","status":"publish","type":"post","link":"https:\/\/primicias2262.com\/noticias\/este-lunes-la-provincia-oficializo-la-suba-de-tarifas-para-la-verificacion-tecnica-vehicular-vtv\/","title":{"rendered":"Este lunes, la Provincia oficializ\u00f3 la suba de tarifas para la Verificaci\u00f3n T\u00e9cnica Vehicular (VTV )"},"content":{"rendered":"<p>Se registr\u00f3 un aumento de cerca del 47 % en algunos casos y a partir de ma\u00f1ana, martes 30 de agosto, entrar\u00e1 en vigencia.<\/p>\n<p>El Ministerio de Transporte con Jorge D\u2019Onofrio a la cabeza, public\u00f3 el decreto 145\/22, donde se aprueba el aumento con el Impuesto al Valor Agregado (IVA).<\/p>\n<p>Es la segunda modificaci\u00f3n en lo que va del a\u00f1o, siendo enero pasado la primera vez. En la p\u00e1gina oficial de la VTV se puede observar el cuadro tarifario actualizado seg\u00fan las categor\u00edas y all\u00ed mismo se puede sacar turno para recibir la aprobaci\u00f3n del tr\u00e1mite.<\/p>\n<p>Para las autoridades bonaerenses estos aumentos ven\u00edan atrasados pero contin\u00faan con una escalada menor a comparaci\u00f3n de la Ciudad de Buenos Aires.<br \/>\nDe esta manera, los valores actualizados a partir de este 30 de agosto ser\u00e1n:<br \/>\n<strong>&#8211; Motocicletas: $945 <\/strong><br \/>\n<strong>&#8211; Veh\u00edculos de hasta 2500 kg: $3150 <\/strong><br \/>\n<strong>&#8211; Veh\u00edculos de m\u00e1s de 2500 kg: $5670 <\/strong><br \/>\n<strong>&#8211; Remolques, semirremolques y acoplados de hasta 2500 kg: $1575 <\/strong><br \/>\n<strong>&#8211; Remolques, semirremolques y acoplados de m\u00e1s de 2500 kg: $2835<\/strong><\/p>\n<p>Un punto que destaca el Gobierno de la Provincia de Buenos Aires es que estos nuevos valores tienen el IVA incluido.<\/p>\n<p>Los transportes que se usan en los gobiernos municipales as\u00ed como los bomberos y los que trasladan a personas con movilidad motriz reducida no pagar\u00e1n.<\/p>\n","protected":false},"excerpt":{"rendered":"<p>Se registr\u00f3 un aumento de cerca del 47 % en algunos casos y a partir de ma\u00f1ana, martes 30 de agosto, entrar\u00e1 en vigencia. El Ministerio de Transporte con Jorge D\u2019Onofrio a la cabeza, public\u00f3 el decreto 145\/22, donde se aprueba el aumento con el Impuesto al Valor Agregado (IVA). Es la segunda modificaci\u00f3n en [&hellip;]<\/p>\n","protected":false},"author":3,"featured_media":93045,"comment_status":"closed","ping_status":"closed","sticky":false,"template":"","format":"standard","meta":{"footnotes":""},"categories":[3],"tags":[],"class_list":["post-93044","post","type-post","status-publish","format-standard","has-post-thumbnail","category-masnoticias"],"_links":{"self":[{"href":"https:\/\/primicias2262.com\/noticias\/wp-json\/wp\/v2\/posts\/93044","targetHints":{"allow":["GET"]}}],"collection":[{"href":"https:\/\/primicias2262.com\/noticias\/wp-json\/wp\/v2\/posts"}],"about":[{"href":"https:\/\/primicias2262.com\/noticias\/wp-json\/wp\/v2\/types\/post"}],"author":[{"embeddable":true,"href":"https:\/\/primicias2262.com\/noticias\/wp-json\/wp\/v2\/users\/3"}],"replies":[{"embeddable":true,"href":"https:\/\/primicias2262.com\/noticias\/wp-json\/wp\/v2\/comments?post=93044"}],"version-history":[{"count":0,"href":"https:\/\/primicias2262.com\/noticias\/wp-json\/wp\/v2\/posts\/93044\/revisions"}],"wp:attachment":[{"href":"https:\/\/primicias2262.com\/noticias\/wp-json\/wp\/v2\/media?parent=93044"}],"wp:term":[{"taxonomy":"category","embeddable":true,"href":"https:\/\/primicias2262.com\/noticias\/wp-json\/wp\/v2\/categories?post=93044"},{"taxonomy":"post_tag","embeddable":true,"href":"https:\/\/primicias2262.com\/noticias\/wp-json\/wp\/v2\/tags?post=93044"}],"curies":[{"name":"wp","href":"https:\/\/api.w.org\/{rel}","templated":true}]}}