{"id":93062,"date":"2022-08-30T14:32:11","date_gmt":"2022-08-30T17:32:11","guid":{"rendered":"https:\/\/primicias2262.com\/?p=93062"},"modified":"2022-08-30T14:32:11","modified_gmt":"2022-08-30T17:32:11","slug":"brindaran-una-charla-sobre-la-oferta-de-la-utn-mar-del-plata-en-nuestra-ciudad","status":"publish","type":"post","link":"https:\/\/primicias2262.com\/noticias\/brindaran-una-charla-sobre-la-oferta-de-la-utn-mar-del-plata-en-nuestra-ciudad\/","title":{"rendered":"Brindar\u00e1n una charla sobre la oferta de la UTN Mar del Plata en nuestra ciudad"},"content":{"rendered":"<p>En la continuidad del acuerdo de cooperaci\u00f3n mutua celebrado en octubre 2021, el pr\u00f3ximo 7 de septiembre autoridades de la Universidad Tecnol\u00f3gica Nacional Regional Mar del Plata se visitar\u00e1n la sede del Instituto de Estudios Superiores R\u00edo Quequ\u00e9n, con el prop\u00f3sito de brindar una charla informativa sobre la oferta acad\u00e9mica de esta instituci\u00f3n en nuestra ciudad.<\/p>\n<p><a href=\"https:\/\/primicias2262.com\/wp-content\/uploads\/2022\/08\/WhatsApp-Image-2022-08-29-at-1.15.36-PM.jpeg\"><img loading=\"lazy\" decoding=\"async\" class=\"alignleft size-medium wp-image-93064\" src=\"https:\/\/primicias2262.com\/wp-content\/uploads\/2022\/08\/WhatsApp-Image-2022-08-29-at-1.15.36-PM-300x251.jpeg\" alt=\"\" width=\"300\" height=\"251\" \/><\/a>El evento se realizar\u00e1 en la sede de avenida 58 esquina 51 a las 17 hs. y estar\u00e1n presentes el decano de la UTN Mar del Plata, Fernando Scholtus; el secretario acad\u00e9mico, N\u00e9stor Machado-Susseret; y el subsecretario de Cultura y Extensi\u00f3n Universitaria, Patricio Arias.<\/p>\n<p>Durante la charla, se brindar\u00e1n detalles de las ofertas a dictar as\u00ed como se prev\u00e9 un rico intercambio con la comunidad, por lo que se invita a estudiantes de los \u00faltimos a\u00f1os de las escuelas secundarias y t\u00e9cnicas, as\u00ed como a docentes, ya que se informar\u00e1 sobre propuestas de profesorados , tecnicaturas y licenciaturas, cuyas certificaciones est\u00e1n avaladas por la UTN, casa de estudios que recientemente ha cumplido 74 a\u00f1os de existencia.<\/p>\n","protected":false},"excerpt":{"rendered":"<p>En la continuidad del acuerdo de cooperaci\u00f3n mutua celebrado en octubre 2021, el pr\u00f3ximo 7 de septiembre autoridades de la Universidad Tecnol\u00f3gica Nacional Regional Mar del Plata se visitar\u00e1n la sede del Instituto de Estudios Superiores R\u00edo Quequ\u00e9n, con el prop\u00f3sito de brindar una charla informativa sobre la oferta acad\u00e9mica de esta instituci\u00f3n en nuestra [&hellip;]<\/p>\n","protected":false},"author":3,"featured_media":93063,"comment_status":"closed","ping_status":"closed","sticky":false,"template":"","format":"standard","meta":{"footnotes":""},"categories":[3],"tags":[],"class_list":["post-93062","post","type-post","status-publish","format-standard","has-post-thumbnail","category-masnoticias"],"_links":{"self":[{"href":"https:\/\/primicias2262.com\/noticias\/wp-json\/wp\/v2\/posts\/93062","targetHints":{"allow":["GET"]}}],"collection":[{"href":"https:\/\/primicias2262.com\/noticias\/wp-json\/wp\/v2\/posts"}],"about":[{"href":"https:\/\/primicias2262.com\/noticias\/wp-json\/wp\/v2\/types\/post"}],"author":[{"embeddable":true,"href":"https:\/\/primicias2262.com\/noticias\/wp-json\/wp\/v2\/users\/3"}],"replies":[{"embeddable":true,"href":"https:\/\/primicias2262.com\/noticias\/wp-json\/wp\/v2\/comments?post=93062"}],"version-history":[{"count":0,"href":"https:\/\/primicias2262.com\/noticias\/wp-json\/wp\/v2\/posts\/93062\/revisions"}],"wp:attachment":[{"href":"https:\/\/primicias2262.com\/noticias\/wp-json\/wp\/v2\/media?parent=93062"}],"wp:term":[{"taxonomy":"category","embeddable":true,"href":"https:\/\/primicias2262.com\/noticias\/wp-json\/wp\/v2\/categories?post=93062"},{"taxonomy":"post_tag","embeddable":true,"href":"https:\/\/primicias2262.com\/noticias\/wp-json\/wp\/v2\/tags?post=93062"}],"curies":[{"name":"wp","href":"https:\/\/api.w.org\/{rel}","templated":true}]}}