{"id":93068,"date":"2022-08-30T14:59:34","date_gmt":"2022-08-30T17:59:34","guid":{"rendered":"https:\/\/primicias2262.com\/?p=93068"},"modified":"2022-08-30T14:59:34","modified_gmt":"2022-08-30T17:59:34","slug":"en-necochea-tenemos-un-deficit-de-generacion-de-empleo-genuino-en-el-sector-privado","status":"publish","type":"post","link":"https:\/\/primicias2262.com\/noticias\/en-necochea-tenemos-un-deficit-de-generacion-de-empleo-genuino-en-el-sector-privado\/","title":{"rendered":"\u201cEn Necochea tenemos un d\u00e9ficit de generaci\u00f3n de empleo genuino en el sector privado\u201d"},"content":{"rendered":"<p>As\u00ed lo afirm\u00f3 el secretario general de la CGT local, Demian Ledesma, en la v\u00edspera de lo que ser\u00e1 este mi\u00e9rcoles 31 de agosto el acto de normalizaci\u00f3n de la Confederaci\u00f3n, que es la imposici\u00f3n de autoridades por parte de la conducci\u00f3n nacional de las regionales\u201d.<\/p>\n<p>En los estudios de \u201cVoces de la Ciudad\u201d, Ledesma dialog\u00f3 con el periodista Jorge G\u00f3mez y dio cuenta que este mi\u00e9rcoles \u201chabr\u00e1 un binomio donde vamos a compartir la conducci\u00f3n junto con Alberto Peralta, nos acompa\u00f1ar\u00e1 tambi\u00e9n Gustavo Gavil\u00e1n de Dragado y Balizamiento y muchos gremios m\u00e1s, m\u00e1s de 40\u201d.<\/p>\n<p><a href=\"https:\/\/primicias2262.com\/wp-content\/uploads\/2021\/09\/Ledesma.jpeg\"><img loading=\"lazy\" decoding=\"async\" class=\"alignleft size-medium wp-image-82088\" src=\"https:\/\/primicias2262.com\/wp-content\/uploads\/2021\/09\/Ledesma-300x184.jpeg\" alt=\"\" width=\"300\" height=\"184\" \/><\/a>A la hora de hacer un an\u00e1lisis del mundo del trabajo, y sobre todo a nivel local, el tambi\u00e9n titular de la Bancaria subray\u00f3 que \u201cen Necochea tenemos un d\u00e9ficit de generaci\u00f3n de empleo genuino en el sector privado, porque a veces la mirada de la comunidad es la b\u00fasqueda de un resquicio en el Estado, pero esa no es una soluci\u00f3n en el largo plazo, y tenemos que crear las condiciones para generar empleo privado de calidad que beneficie a los j\u00f3venes sobre todo, que terminan su etapa escolar y quedan a la deriva\u201d.<\/p>\n<p>Sobre esa cuesti\u00f3n \u201chay ejes claros\u201d afirm\u00f3 Ledesma, y apunt\u00f3 hacia el Puerto: \u201cTenemos un motor econ\u00f3mico que tiene que ver con la cadena agroexportadora que tenemos que potenciar en el Puerto, diversificar el negocio portuario e incorporar nuevos sectores a esa rueda de la econom\u00eda, y creo que hay una ausencia hist\u00f3rica de un polo industrial que generar\u00eda nuevas alternativas de trabajo y podr\u00eda ser uno de los m\u00e1s grandes de la regi\u00f3n\u201d.<\/p>\n<p>\u201cEs un d\u00e9ficit que hay que resolver para garantizar un futuro a la comunidad\u201d, concluy\u00f3 acerca de esa cuesti\u00f3n.<\/p>\n<p>Por otra parte, Ledesma se refiri\u00f3 a otros aspectos de la lucha sindical, al manifestar que \u201cla estigmatizaci\u00f3n del movimiento obrero y del sindicalismo como expresi\u00f3n de la voluntad de los trabajadores m\u00e1s que una carga es un orgullo, porque por algo siempre apuntan la lupa sobre este sector, que interrumpe las pol\u00edticas que generan ventaja para los sectores de la econom\u00eda concentrada que impide que la distribuci\u00f3n de las riquezas sea m\u00e1s justa\u201d.<\/p>\n<p>Ampli\u00f3 al respecto que \u201cel movimiento obrero ha logrado en este pa\u00eds que esa concentraci\u00f3n de la riqueza no se produzca y tengamos la posibilidad de tener capacidad de organizaci\u00f3n y de protesta para poder equilibrar las cuentas\u201d.<\/p>\n<p>Asimismo, se\u00f1al\u00f3 acerca de la CGT que \u201ctras la desaparici\u00f3n f\u00edsica de Ger\u00f3nimo Venegas los v\u00ednculos estaban interrumpidos y costaba mucho reunirse, normalizamos una CGT que ten\u00eda un mundo sindical por afuera, hemos podido incorporar a ese sector que no estaba incluido en su momento y hoy forma parte de la conducci\u00f3n\u201d.<\/p>\n","protected":false},"excerpt":{"rendered":"<p>As\u00ed lo afirm\u00f3 el secretario general de la CGT local, Demian Ledesma, en la v\u00edspera de lo que ser\u00e1 este mi\u00e9rcoles 31 de agosto el acto de normalizaci\u00f3n de la Confederaci\u00f3n, que es la imposici\u00f3n de autoridades por parte de la conducci\u00f3n nacional de las regionales\u201d. En los estudios de \u201cVoces de la Ciudad\u201d, Ledesma [&hellip;]<\/p>\n","protected":false},"author":3,"featured_media":93069,"comment_status":"closed","ping_status":"closed","sticky":false,"template":"","format":"standard","meta":{"footnotes":""},"categories":[3],"tags":[],"class_list":["post-93068","post","type-post","status-publish","format-standard","has-post-thumbnail","category-masnoticias"],"_links":{"self":[{"href":"https:\/\/primicias2262.com\/noticias\/wp-json\/wp\/v2\/posts\/93068","targetHints":{"allow":["GET"]}}],"collection":[{"href":"https:\/\/primicias2262.com\/noticias\/wp-json\/wp\/v2\/posts"}],"about":[{"href":"https:\/\/primicias2262.com\/noticias\/wp-json\/wp\/v2\/types\/post"}],"author":[{"embeddable":true,"href":"https:\/\/primicias2262.com\/noticias\/wp-json\/wp\/v2\/users\/3"}],"replies":[{"embeddable":true,"href":"https:\/\/primicias2262.com\/noticias\/wp-json\/wp\/v2\/comments?post=93068"}],"version-history":[{"count":0,"href":"https:\/\/primicias2262.com\/noticias\/wp-json\/wp\/v2\/posts\/93068\/revisions"}],"wp:attachment":[{"href":"https:\/\/primicias2262.com\/noticias\/wp-json\/wp\/v2\/media?parent=93068"}],"wp:term":[{"taxonomy":"category","embeddable":true,"href":"https:\/\/primicias2262.com\/noticias\/wp-json\/wp\/v2\/categories?post=93068"},{"taxonomy":"post_tag","embeddable":true,"href":"https:\/\/primicias2262.com\/noticias\/wp-json\/wp\/v2\/tags?post=93068"}],"curies":[{"name":"wp","href":"https:\/\/api.w.org\/{rel}","templated":true}]}}