{"id":93071,"date":"2022-08-30T15:06:00","date_gmt":"2022-08-30T18:06:00","guid":{"rendered":"https:\/\/primicias2262.com\/?p=93071"},"modified":"2022-08-30T15:06:00","modified_gmt":"2022-08-30T18:06:00","slug":"caritas-santa-maria-del-carmen-asiste-a-unas-90-familias-y-solicita-voluntarios","status":"publish","type":"post","link":"https:\/\/primicias2262.com\/noticias\/caritas-santa-maria-del-carmen-asiste-a-unas-90-familias-y-solicita-voluntarios\/","title":{"rendered":"C\u00e1ritas Santa Mar\u00eda del Carmen asiste a unas 90 familias y solicita voluntarios"},"content":{"rendered":"<p>La comunidad que pertenece a la parroquia Santa Mar\u00eda del Carmen cuenta con una sede de acopio y asistencia en 55 entre 64 y 62 y son alrededor de 10 personas en el grupo para acompa\u00f1ar las necesidades de todo tipo de las familias.<\/p>\n<p>En \u201cVoces de la Ciudad\u201d, el periodista Jorge G\u00f3mez dialog\u00f3 con dos de las integrantes de dicha comunidad, Laura Zabala y Alicia Arias, quienes m\u00e1s all\u00e1 de solicitar la colaboraci\u00f3n solidaria de la comunidad, tambi\u00e9n subrayaron la necesidad de recurso humano para las tareas.<\/p>\n<p>En primer t\u00e9rmino, Laura Zabala cont\u00f3 que \u201cestamos trabajando a pleno, somos un grupo de unos 10 voluntarios que estamos con necesidades de todo tipo de la gente. Actualmente acompa\u00f1amos a unas 90 familias a quienes mensualmente les entregamos mercader\u00eda y ropa, pero est\u00e1n con necesidades de todo tipo: cama, colchones, cocinas, heladeras, pisos y vajilla en general\u201d.<\/p>\n<p>A ello, Alicia Arias asegur\u00f3 que \u201cest\u00e1 aumentando la cantidad de familias que acude a nuestra compa\u00f1\u00eda y nos estamos dividiendo actualmente en tres grupos para que la asistencia sea m\u00e1s tranquila por el espacio geogr\u00e1fico que tenemos, grupos de a 30 personas que asisten con sus hijos, a quienes le damos el acompa\u00f1amiento con alimentos, ropa, calzados y la asistencia espiritual con la primera parte de la evangelizaci\u00f3n y la merienda\u201d.<\/p>\n<p>Al respecto, se\u00f1al\u00f3 que \u201cla gente quiere hablar, as\u00ed que los contenemos y escuchamos y cuando los hemos visitado a sus domicilios hemos notado que hay necesidades materiales y espirituales porque hay otros flagelos presentes en sus casas\u201d, y acot\u00f3 que \u201cla gente recibe una oraci\u00f3n inicial, leemos la palabra, compartimos las necesidades y escuchamos sus ganas de manifestarse, y en esos momentos es donde tratamos de contenerlos\u201d.<\/p>\n<p>Asimismo, Zabala manifest\u00f3 que \u201cdesde C\u00e1ritas estamos tratando de trabajar en red con las instituciones que ya est\u00e1n en la ciudad, por ejemplo los centros de atenci\u00f3n a las adicciones, para ver c\u00f3mo podemos conectar a las familias que pasan por diferentes problemas con las organizaciones. Es una necesidad trabajar en red y la vinculaci\u00f3n\u201d, y puntualiz\u00f3 que \u201ccada C\u00e1ritas tiene su zona y la de Santa Mar\u00eda del Carmen es de la Av. 75 hasta el R\u00edo Quequ\u00e9n y de Av. 42 a 74\u201d.<\/p>\n<p>Para colaborar, Alicia inform\u00f3 que \u201cse pueden entregar de donaciones en la parroquia de 61 entre 58 y 60, de 9.30 a 12 y 16.30 a 19\u201d, aunque tambi\u00e9n desliz\u00f3 que \u201cno s\u00f3lo necesitamos el aporte solidario, sino tambi\u00e9n por otro lado necesitamos voluntarios, agradecemos a los que est\u00e1n actualmente que son unos 10 voluntarios, pero necesitamos m\u00e1s gente que nos apoye y nos acompa\u00f1e, es un rato y se disfruta\u201d, y apunt\u00f3 que tanto para entregar donaciones como para sumarse se puede comunicar la comunidad al celular de C\u00e1ritas 2262- 642405, al que pueden comunicarse por WhatsApp.<\/p>\n<p>Finalmente, tambi\u00e9n resaltaron que \u201cel primer o segundo s\u00e1bado de cada mes, por ejemplo en septiembre ser\u00e1 el 10, hacemos una feria en el garaje de la parroquia en 61 entre 58 y 60 y vendemos ropa a valores econ\u00f3micos, y con ese dinero recaudado compramos mercader\u00eda para armar las bolsas de alimentos a las familias con 8 o 10 productos\u201d.<\/p>\n","protected":false},"excerpt":{"rendered":"<p>La comunidad que pertenece a la parroquia Santa Mar\u00eda del Carmen cuenta con una sede de acopio y asistencia en 55 entre 64 y 62 y son alrededor de 10 personas en el grupo para acompa\u00f1ar las necesidades de todo tipo de las familias. En \u201cVoces de la Ciudad\u201d, el periodista Jorge G\u00f3mez dialog\u00f3 con [&hellip;]<\/p>\n","protected":false},"author":3,"featured_media":93072,"comment_status":"closed","ping_status":"closed","sticky":false,"template":"","format":"standard","meta":{"footnotes":""},"categories":[3],"tags":[],"class_list":["post-93071","post","type-post","status-publish","format-standard","has-post-thumbnail","category-masnoticias"],"_links":{"self":[{"href":"https:\/\/primicias2262.com\/noticias\/wp-json\/wp\/v2\/posts\/93071","targetHints":{"allow":["GET"]}}],"collection":[{"href":"https:\/\/primicias2262.com\/noticias\/wp-json\/wp\/v2\/posts"}],"about":[{"href":"https:\/\/primicias2262.com\/noticias\/wp-json\/wp\/v2\/types\/post"}],"author":[{"embeddable":true,"href":"https:\/\/primicias2262.com\/noticias\/wp-json\/wp\/v2\/users\/3"}],"replies":[{"embeddable":true,"href":"https:\/\/primicias2262.com\/noticias\/wp-json\/wp\/v2\/comments?post=93071"}],"version-history":[{"count":0,"href":"https:\/\/primicias2262.com\/noticias\/wp-json\/wp\/v2\/posts\/93071\/revisions"}],"wp:attachment":[{"href":"https:\/\/primicias2262.com\/noticias\/wp-json\/wp\/v2\/media?parent=93071"}],"wp:term":[{"taxonomy":"category","embeddable":true,"href":"https:\/\/primicias2262.com\/noticias\/wp-json\/wp\/v2\/categories?post=93071"},{"taxonomy":"post_tag","embeddable":true,"href":"https:\/\/primicias2262.com\/noticias\/wp-json\/wp\/v2\/tags?post=93071"}],"curies":[{"name":"wp","href":"https:\/\/api.w.org\/{rel}","templated":true}]}}