{"id":93089,"date":"2022-08-31T14:13:41","date_gmt":"2022-08-31T17:13:41","guid":{"rendered":"https:\/\/primicias2262.com\/?p=93089"},"modified":"2022-08-31T14:13:41","modified_gmt":"2022-08-31T17:13:41","slug":"un-detenido-en-una-causa-de-robo-agravado-por-el-uso-de-arma","status":"publish","type":"post","link":"https:\/\/primicias2262.com\/noticias\/un-detenido-en-una-causa-de-robo-agravado-por-el-uso-de-arma\/","title":{"rendered":"Un detenido en una causa de robo agravado por el uso de arma"},"content":{"rendered":"<p>Un hombre de 40 a\u00f1os que estar\u00eda involucrado en un hecho de robo a mano armada fue aprehendido este martes por personal de la DDI Necochea que lo intercept\u00f3 en 76 y 87.<\/p>\n<p>El hecho ocurri\u00f3 el pasado 8 de agosto en el local Pago F\u00e1cil ubicado en calle 56 y 63 de nuestra ciudad, circunstancias en las cuales 2 sujetos ingresaron al comercio con fines de robo, sustrayendo la recaudaci\u00f3n del lugar.<\/p>\n<p>Cuatro d\u00edas m\u00e1s tarde personal de la DDI efectiviz\u00f3 dos allanamientos en el barrio San Martin y en calle 106 y 51 procediendo al secuestro de diversos elementos de inter\u00e9s para la investigaci\u00f3n.<\/p>\n<p>Seg\u00fan se inform\u00f3, el an\u00e1lisis de dichos elementos permiti\u00f3 establecer la participaci\u00f3n de uno de los autores del hecho. Con las pruebas arrimadas a la causa, la fiscal\u00eda interviniente solicit\u00f3 a la Justicia de Garant\u00edas orden de detenci\u00f3n para el investigado.<\/p>\n<p>Dicha medida prosper\u00f3 y en las \u00faltimas horas de este martes, personal de mencionada dependencia policial procedi\u00f3 a la detenci\u00f3n del hombre de 40 a\u00f1os (con antecedentes). La detenci\u00f3n se efectiviz\u00f3 en la v\u00eda p\u00fablica en la zona del Barrio San Mart\u00edn en calle 76 y 87 y el sujeto fue puesto a disposici\u00f3n de la autoridad judicial interviniente.<\/p>\n","protected":false},"excerpt":{"rendered":"<p>Un hombre de 40 a\u00f1os que estar\u00eda involucrado en un hecho de robo a mano armada fue aprehendido este martes por personal de la DDI Necochea que lo intercept\u00f3 en 76 y 87. El hecho ocurri\u00f3 el pasado 8 de agosto en el local Pago F\u00e1cil ubicado en calle 56 y 63 de nuestra ciudad, [&hellip;]<\/p>\n","protected":false},"author":3,"featured_media":93090,"comment_status":"closed","ping_status":"closed","sticky":false,"template":"","format":"standard","meta":{"footnotes":""},"categories":[3],"tags":[],"class_list":["post-93089","post","type-post","status-publish","format-standard","has-post-thumbnail","category-masnoticias"],"_links":{"self":[{"href":"https:\/\/primicias2262.com\/noticias\/wp-json\/wp\/v2\/posts\/93089","targetHints":{"allow":["GET"]}}],"collection":[{"href":"https:\/\/primicias2262.com\/noticias\/wp-json\/wp\/v2\/posts"}],"about":[{"href":"https:\/\/primicias2262.com\/noticias\/wp-json\/wp\/v2\/types\/post"}],"author":[{"embeddable":true,"href":"https:\/\/primicias2262.com\/noticias\/wp-json\/wp\/v2\/users\/3"}],"replies":[{"embeddable":true,"href":"https:\/\/primicias2262.com\/noticias\/wp-json\/wp\/v2\/comments?post=93089"}],"version-history":[{"count":0,"href":"https:\/\/primicias2262.com\/noticias\/wp-json\/wp\/v2\/posts\/93089\/revisions"}],"wp:attachment":[{"href":"https:\/\/primicias2262.com\/noticias\/wp-json\/wp\/v2\/media?parent=93089"}],"wp:term":[{"taxonomy":"category","embeddable":true,"href":"https:\/\/primicias2262.com\/noticias\/wp-json\/wp\/v2\/categories?post=93089"},{"taxonomy":"post_tag","embeddable":true,"href":"https:\/\/primicias2262.com\/noticias\/wp-json\/wp\/v2\/tags?post=93089"}],"curies":[{"name":"wp","href":"https:\/\/api.w.org\/{rel}","templated":true}]}}