{"id":93092,"date":"2022-08-31T14:27:41","date_gmt":"2022-08-31T17:27:41","guid":{"rendered":"https:\/\/primicias2262.com\/?p=93092"},"modified":"2022-08-31T14:27:41","modified_gmt":"2022-08-31T17:27:41","slug":"hay-cuatro-exposiciones-de-artistas-locales-en-el-centro-cultural","status":"publish","type":"post","link":"https:\/\/primicias2262.com\/noticias\/hay-cuatro-exposiciones-de-artistas-locales-en-el-centro-cultural\/","title":{"rendered":"Hay cuatro exposiciones de artistas locales en el Centro Cultural"},"content":{"rendered":"<p>El Centro Cultural Necochea Biblioteca Popular Andr\u00e9s Ferreyra (CCN\/BPAF) informa que se encuentran abiertas al p\u00fablico, cuatro exposiciones de artistas de distintas disciplinas, ubicadas en las distintas salas de la instituci\u00f3n.<\/p>\n<p>Las muestras \u2013tres de ellas fueron inauguradas recientemente- se pueden recorrer de lunes a viernes de 14 a 20 horas, en el edificio ubicado en calles 54 entre 61 y 63. Mientras que los fines de semana, s\u00f3lo se podr\u00e1 ingresar en el horario de eventos especiales programados. Cabe recordar que la entrada es libre y gratuita.<\/p>\n<p>La grilla de exposiciones disponibles es la siguiente:<\/p>\n<ul>\n<li style=\"text-align: left;\"><strong>En <\/strong><strong>\u201cHall de Exposiciones\u201d ubicado al ingreso del edificio. <\/strong>\u00abSoledades Humanas\u00bb \u2013Grabados-. Muestra de Julieta Warman. A diferencia del dibujo y la pintura, en el grabado la imagen aparece mediante la presi\u00f3n extrema: una prensa comprime la matriz contra el papel. La madera (y otras veces el pl\u00e1stico) fue, entonces, el primer soporte. Contra ella ha pugnado la mano de la artista. Ah\u00ed donde los colores no llegan, el blanco ilumina.<\/li>\n<\/ul>\n<ul>\n<li style=\"text-align: left;\"><strong>En el Cafecito del Centro Cultural \u201c1000 formas de\u201d. (Planta baja).<\/strong> \u201cExtracto by 1922\u201d. Exposici\u00f3n y venta de Marina R\u00faa. \u201cCualquier persona que se acerque puede generar una conversaci\u00f3n con la obra, y eso transmito\u201d, dijo la artista al se\u00f1alar algunas de las caracter\u00edsticas: \u201ceso medio naif, todo inspirado con la naturaleza, las plantas, el animal, el hombre inserto en la naturaleza\u201d.<\/li>\n<li style=\"text-align: left;\"><\/li>\n<li style=\"text-align: left;\"><strong>En la Sala Pedro Arozarena, en el primer piso. \u201c<\/strong>Mal\u00f3n\u201d- grabados-. Silvana Cerrato, Osvaldo Jalil, Ivo Jurozdicki, Marcelo Kopp, David Marthi, Daniela Sobrero y Carolina Da Silva, son los y las artistas que integran este colectivo. \u201cEs el inicio de un Mal\u00f3n de grabadores que llega levantando polvareda con la intenci\u00f3n de unir voluntades de artistas que trabajan permanentemente, tras una idea de rescatar y respetar el arte nacional, sembrando semillas del buen oficio\u201d.<\/li>\n<\/ul>\n<p><strong>En el rellano de la escalera<\/strong>. \u201cManifiesto\u201d. Muestra y enunciaci\u00f3n.\u00a0 Intervenci\u00f3n de Bosque y Comunidad. En un espacio donde, sobre la pared frontal, la direcci\u00f3n del Centro Cultural ha vuelto a colgar una foto hist\u00f3rica del Parque Miguel Lillo que fue un regalo del reconocido fot\u00f3grafo Horacio Coppola.\u00a0 En Bosque y Comunidad \u2013en Instagram @bosque.y.comunidad-, el Parque es reconocido como obra-en-s\u00ed-misma, una maravillosa obra de ingenier\u00eda forestal, y al mismo tiempo, como dispositivo para la creaci\u00f3n de pensamiento com\u00fan para la construcci\u00f3n.<\/p>\n","protected":false},"excerpt":{"rendered":"<p>El Centro Cultural Necochea Biblioteca Popular Andr\u00e9s Ferreyra (CCN\/BPAF) informa que se encuentran abiertas al p\u00fablico, cuatro exposiciones de artistas de distintas disciplinas, ubicadas en las distintas salas de la instituci\u00f3n. Las muestras \u2013tres de ellas fueron inauguradas recientemente- se pueden recorrer de lunes a viernes de 14 a 20 horas, en el edificio ubicado [&hellip;]<\/p>\n","protected":false},"author":3,"featured_media":93094,"comment_status":"closed","ping_status":"closed","sticky":false,"template":"","format":"standard","meta":{"footnotes":""},"categories":[3],"tags":[],"class_list":["post-93092","post","type-post","status-publish","format-standard","has-post-thumbnail","category-masnoticias"],"_links":{"self":[{"href":"https:\/\/primicias2262.com\/noticias\/wp-json\/wp\/v2\/posts\/93092","targetHints":{"allow":["GET"]}}],"collection":[{"href":"https:\/\/primicias2262.com\/noticias\/wp-json\/wp\/v2\/posts"}],"about":[{"href":"https:\/\/primicias2262.com\/noticias\/wp-json\/wp\/v2\/types\/post"}],"author":[{"embeddable":true,"href":"https:\/\/primicias2262.com\/noticias\/wp-json\/wp\/v2\/users\/3"}],"replies":[{"embeddable":true,"href":"https:\/\/primicias2262.com\/noticias\/wp-json\/wp\/v2\/comments?post=93092"}],"version-history":[{"count":0,"href":"https:\/\/primicias2262.com\/noticias\/wp-json\/wp\/v2\/posts\/93092\/revisions"}],"wp:attachment":[{"href":"https:\/\/primicias2262.com\/noticias\/wp-json\/wp\/v2\/media?parent=93092"}],"wp:term":[{"taxonomy":"category","embeddable":true,"href":"https:\/\/primicias2262.com\/noticias\/wp-json\/wp\/v2\/categories?post=93092"},{"taxonomy":"post_tag","embeddable":true,"href":"https:\/\/primicias2262.com\/noticias\/wp-json\/wp\/v2\/tags?post=93092"}],"curies":[{"name":"wp","href":"https:\/\/api.w.org\/{rel}","templated":true}]}}